{"id":14677,"date":"2021-03-10T14:47:16","date_gmt":"2021-03-10T13:47:16","guid":{"rendered":"https:\/\/www.swiss-aquatics.ch\/?p=14677"},"modified":"2022-06-14T06:49:46","modified_gmt":"2022-06-14T04:49:46","slug":"le-seminaire-coach-js-et-la-conference-de-la-promotion-des-espoirs-natation-virtuels-pour-la-premiere-fois","status":"publish","type":"post","link":"https:\/\/www.swiss-aquatics.ch\/fr\/le-seminaire-coach-js-et-la-conference-de-la-promotion-des-espoirs-natation-virtuels-pour-la-premiere-fois\/","title":{"rendered":"Le s\u00e9minaire coach J+S et la conf\u00e9rence de la promotion des espoirs natation virtuels pour la premi\u00e8re fois."},"content":{"rendered":"","protected":false},"excerpt":{"rendered":"","protected":false},"author":16,"featured_media":14646,"comment_status":"closed","ping_status":"closed","sticky":false,"template":"","format":"standard","meta":{"_acf_changed":false,"footnotes":""},"categories":[35,30],"tags":[],"class_list":["post-14677","post","type-post","status-publish","format-standard","has-post-thumbnail","hentry","category-education-fr","category-swimming-fr"],"acf":[],"yoast_head":"<!-- This site is optimized with the Yoast SEO plugin v27.5 - https:\/\/yoast.com\/product\/yoast-seo-wordpress\/ -->\n<title>Le s\u00e9minaire coach J+S et la conf\u00e9rence de la promotion des espoirs natation virtuels pour la premi\u00e8re fois. - Swiss Aquatics<\/title>\n<meta name=\"robots\" content=\"index, follow, max-snippet:-1, max-image-preview:large, max-video-preview:-1\" \/>\n<link rel=\"canonical\" href=\"https:\/\/www.swiss-aquatics.ch\/fr\/le-seminaire-coach-js-et-la-conference-de-la-promotion-des-espoirs-natation-virtuels-pour-la-premiere-fois\/\" \/>\n<meta property=\"og:locale\" content=\"fr_FR\" \/>\n<meta property=\"og:type\" content=\"article\" \/>\n<meta property=\"og:title\" content=\"Le s\u00e9minaire coach J+S et la conf\u00e9rence de la promotion des espoirs natation virtuels pour la premi\u00e8re fois. - Swiss Aquatics\" \/>\n<meta property=\"og:url\" content=\"https:\/\/www.swiss-aquatics.ch\/fr\/le-seminaire-coach-js-et-la-conference-de-la-promotion-des-espoirs-natation-virtuels-pour-la-premiere-fois\/\" \/>\n<meta property=\"og:site_name\" content=\"Swiss Aquatics\" \/>\n<meta property=\"article:published_time\" content=\"2021-03-10T13:47:16+00:00\" \/>\n<meta property=\"article:modified_time\" content=\"2022-06-14T04:49:46+00:00\" \/>\n<meta name=\"author\" content=\"Fabienne Kunz\" \/>\n<meta name=\"twitter:card\" content=\"summary_large_image\" \/>\n<meta name=\"twitter:label1\" content=\"\u00c9crit par\" \/>\n\t<meta name=\"twitter:data1\" content=\"Fabienne Kunz\" \/>\n<script type=\"application\/ld+json\" class=\"yoast-schema-graph\">{\"@context\":\"https:\\\/\\\/schema.org\",\"@graph\":[{\"@type\":\"Article\",\"@id\":\"https:\\\/\\\/www.swiss-aquatics.ch\\\/fr\\\/le-seminaire-coach-js-et-la-conference-de-la-promotion-des-espoirs-natation-virtuels-pour-la-premiere-fois\\\/#article\",\"isPartOf\":{\"@id\":\"https:\\\/\\\/www.swiss-aquatics.ch\\\/fr\\\/le-seminaire-coach-js-et-la-conference-de-la-promotion-des-espoirs-natation-virtuels-pour-la-premiere-fois\\\/\"},\"author\":{\"name\":\"Fabienne Kunz\",\"@id\":\"https:\\\/\\\/www.swiss-aquatics.ch\\\/fr\\\/#\\\/schema\\\/person\\\/d01a73eee118a6f8e44eeff4e5f80cdf\"},\"headline\":\"Le s\u00e9minaire coach J+S et la conf\u00e9rence de la promotion des espoirs natation virtuels pour la premi\u00e8re fois.\",\"datePublished\":\"2021-03-10T13:47:16+00:00\",\"dateModified\":\"2022-06-14T04:49:46+00:00\",\"mainEntityOfPage\":{\"@id\":\"https:\\\/\\\/www.swiss-aquatics.ch\\\/fr\\\/le-seminaire-coach-js-et-la-conference-de-la-promotion-des-espoirs-natation-virtuels-pour-la-premiere-fois\\\/\"},\"wordCount\":22,\"publisher\":{\"@id\":\"https:\\\/\\\/www.swiss-aquatics.ch\\\/fr\\\/#organization\"},\"image\":{\"@id\":\"https:\\\/\\\/www.swiss-aquatics.ch\\\/fr\\\/le-seminaire-coach-js-et-la-conference-de-la-promotion-des-espoirs-natation-virtuels-pour-la-premiere-fois\\\/#primaryimage\"},\"thumbnailUrl\":\"https:\\\/\\\/www.swiss-aquatics.ch\\\/wp-content\\\/uploads\\\/2021\\\/03\\\/NWF-Konferenz_Newsbild.png\",\"articleSection\":[\"Education\",\"Swimming\"],\"inLanguage\":\"fr-FR\"},{\"@type\":\"WebPage\",\"@id\":\"https:\\\/\\\/www.swiss-aquatics.ch\\\/fr\\\/le-seminaire-coach-js-et-la-conference-de-la-promotion-des-espoirs-natation-virtuels-pour-la-premiere-fois\\\/\",\"url\":\"https:\\\/\\\/www.swiss-aquatics.ch\\\/fr\\\/le-seminaire-coach-js-et-la-conference-de-la-promotion-des-espoirs-natation-virtuels-pour-la-premiere-fois\\\/\",\"name\":\"Le s\u00e9minaire coach J+S et la conf\u00e9rence de la promotion des espoirs natation virtuels pour la premi\u00e8re fois. - Swiss Aquatics\",\"isPartOf\":{\"@id\":\"https:\\\/\\\/www.swiss-aquatics.ch\\\/fr\\\/#website\"},\"primaryImageOfPage\":{\"@id\":\"https:\\\/\\\/www.swiss-aquatics.ch\\\/fr\\\/le-seminaire-coach-js-et-la-conference-de-la-promotion-des-espoirs-natation-virtuels-pour-la-premiere-fois\\\/#primaryimage\"},\"image\":{\"@id\":\"https:\\\/\\\/www.swiss-aquatics.ch\\\/fr\\\/le-seminaire-coach-js-et-la-conference-de-la-promotion-des-espoirs-natation-virtuels-pour-la-premiere-fois\\\/#primaryimage\"},\"thumbnailUrl\":\"https:\\\/\\\/www.swiss-aquatics.ch\\\/wp-content\\\/uploads\\\/2021\\\/03\\\/NWF-Konferenz_Newsbild.png\",\"datePublished\":\"2021-03-10T13:47:16+00:00\",\"dateModified\":\"2022-06-14T04:49:46+00:00\",\"breadcrumb\":{\"@id\":\"https:\\\/\\\/www.swiss-aquatics.ch\\\/fr\\\/le-seminaire-coach-js-et-la-conference-de-la-promotion-des-espoirs-natation-virtuels-pour-la-premiere-fois\\\/#breadcrumb\"},\"inLanguage\":\"fr-FR\",\"potentialAction\":[{\"@type\":\"ReadAction\",\"target\":[\"https:\\\/\\\/www.swiss-aquatics.ch\\\/fr\\\/le-seminaire-coach-js-et-la-conference-de-la-promotion-des-espoirs-natation-virtuels-pour-la-premiere-fois\\\/\"]}]},{\"@type\":\"ImageObject\",\"inLanguage\":\"fr-FR\",\"@id\":\"https:\\\/\\\/www.swiss-aquatics.ch\\\/fr\\\/le-seminaire-coach-js-et-la-conference-de-la-promotion-des-espoirs-natation-virtuels-pour-la-premiere-fois\\\/#primaryimage\",\"url\":\"https:\\\/\\\/www.swiss-aquatics.ch\\\/wp-content\\\/uploads\\\/2021\\\/03\\\/NWF-Konferenz_Newsbild.png\",\"contentUrl\":\"https:\\\/\\\/www.swiss-aquatics.ch\\\/wp-content\\\/uploads\\\/2021\\\/03\\\/NWF-Konferenz_Newsbild.png\",\"width\":660,\"height\":320},{\"@type\":\"BreadcrumbList\",\"@id\":\"https:\\\/\\\/www.swiss-aquatics.ch\\\/fr\\\/le-seminaire-coach-js-et-la-conference-de-la-promotion-des-espoirs-natation-virtuels-pour-la-premiere-fois\\\/#breadcrumb\",\"itemListElement\":[{\"@type\":\"ListItem\",\"position\":1,\"name\":\"Page d'accueil\",\"item\":\"https:\\\/\\\/www.swiss-aquatics.ch\\\/fr\\\/\"},{\"@type\":\"ListItem\",\"position\":2,\"name\":\"Le s\u00e9mi\u00adn\u00adaire coach J+S et la con\u00adf\u00e9\u00adrence de la pro\u00admo\u00adti\u00adon des espoirs nata\u00adti\u00adon vir\u00adtuels pour la pre\u00admi\u00e8\u00adre&nbsp;fois.\"}]},{\"@type\":\"WebSite\",\"@id\":\"https:\\\/\\\/www.swiss-aquatics.ch\\\/fr\\\/#website\",\"url\":\"https:\\\/\\\/www.swiss-aquatics.ch\\\/fr\\\/\",\"name\":\"Swiss Aquatics\",\"description\":\"\",\"publisher\":{\"@id\":\"https:\\\/\\\/www.swiss-aquatics.ch\\\/fr\\\/#organization\"},\"potentialAction\":[{\"@type\":\"SearchAction\",\"target\":{\"@type\":\"EntryPoint\",\"urlTemplate\":\"https:\\\/\\\/www.swiss-aquatics.ch\\\/fr\\\/?s={search_term_string}\"},\"query-input\":{\"@type\":\"PropertyValueSpecification\",\"valueRequired\":true,\"valueName\":\"search_term_string\"}}],\"inLanguage\":\"fr-FR\"},{\"@type\":\"Organization\",\"@id\":\"https:\\\/\\\/www.swiss-aquatics.ch\\\/fr\\\/#organization\",\"name\":\"Swiss Aquatics\",\"url\":\"https:\\\/\\\/www.swiss-aquatics.ch\\\/fr\\\/\",\"logo\":{\"@type\":\"ImageObject\",\"inLanguage\":\"fr-FR\",\"@id\":\"https:\\\/\\\/www.swiss-aquatics.ch\\\/fr\\\/#\\\/schema\\\/logo\\\/image\\\/\",\"url\":\"https:\\\/\\\/www.swiss-aquatics.ch\\\/wp-content\\\/uploads\\\/2020\\\/12\\\/logo.png\",\"contentUrl\":\"https:\\\/\\\/www.swiss-aquatics.ch\\\/wp-content\\\/uploads\\\/2020\\\/12\\\/logo.png\",\"width\":580,\"height\":58,\"caption\":\"Swiss Aquatics\"},\"image\":{\"@id\":\"https:\\\/\\\/www.swiss-aquatics.ch\\\/fr\\\/#\\\/schema\\\/logo\\\/image\\\/\"}},{\"@type\":\"Person\",\"@id\":\"https:\\\/\\\/www.swiss-aquatics.ch\\\/fr\\\/#\\\/schema\\\/person\\\/d01a73eee118a6f8e44eeff4e5f80cdf\",\"name\":\"Fabienne Kunz\",\"image\":{\"@type\":\"ImageObject\",\"inLanguage\":\"fr-FR\",\"@id\":\"https:\\\/\\\/secure.gravatar.com\\\/avatar\\\/c0894e38ccd6ae43612ab1e42b9126cf559ea76c12b6786db31468a86043c9f8?s=96&d=mm&r=g\",\"url\":\"https:\\\/\\\/secure.gravatar.com\\\/avatar\\\/c0894e38ccd6ae43612ab1e42b9126cf559ea76c12b6786db31468a86043c9f8?s=96&d=mm&r=g\",\"contentUrl\":\"https:\\\/\\\/secure.gravatar.com\\\/avatar\\\/c0894e38ccd6ae43612ab1e42b9126cf559ea76c12b6786db31468a86043c9f8?s=96&d=mm&r=g\",\"caption\":\"Fabienne Kunz\"}}]}<\/script>\n<!-- \/ Yoast SEO plugin. -->","yoast_head_json":{"title":"Le s\u00e9minaire coach J+S et la conf\u00e9rence de la promotion des espoirs natation virtuels pour la premi\u00e8re fois. - Swiss Aquatics","robots":{"index":"index","follow":"follow","max-snippet":"max-snippet:-1","max-image-preview":"max-image-preview:large","max-video-preview":"max-video-preview:-1"},"canonical":"https:\/\/www.swiss-aquatics.ch\/fr\/le-seminaire-coach-js-et-la-conference-de-la-promotion-des-espoirs-natation-virtuels-pour-la-premiere-fois\/","og_locale":"fr_FR","og_type":"article","og_title":"Le s\u00e9minaire coach J+S et la conf\u00e9rence de la promotion des espoirs natation virtuels pour la premi\u00e8re fois. - Swiss Aquatics","og_url":"https:\/\/www.swiss-aquatics.ch\/fr\/le-seminaire-coach-js-et-la-conference-de-la-promotion-des-espoirs-natation-virtuels-pour-la-premiere-fois\/","og_site_name":"Swiss Aquatics","article_published_time":"2021-03-10T13:47:16+00:00","article_modified_time":"2022-06-14T04:49:46+00:00","author":"Fabienne Kunz","twitter_card":"summary_large_image","twitter_misc":{"\u00c9crit par":"Fabienne Kunz"},"schema":{"@context":"https:\/\/schema.org","@graph":[{"@type":"Article","@id":"https:\/\/www.swiss-aquatics.ch\/fr\/le-seminaire-coach-js-et-la-conference-de-la-promotion-des-espoirs-natation-virtuels-pour-la-premiere-fois\/#article","isPartOf":{"@id":"https:\/\/www.swiss-aquatics.ch\/fr\/le-seminaire-coach-js-et-la-conference-de-la-promotion-des-espoirs-natation-virtuels-pour-la-premiere-fois\/"},"author":{"name":"Fabienne Kunz","@id":"https:\/\/www.swiss-aquatics.ch\/fr\/#\/schema\/person\/d01a73eee118a6f8e44eeff4e5f80cdf"},"headline":"Le s\u00e9minaire coach J+S et la conf\u00e9rence de la promotion des espoirs natation virtuels pour la premi\u00e8re fois.","datePublished":"2021-03-10T13:47:16+00:00","dateModified":"2022-06-14T04:49:46+00:00","mainEntityOfPage":{"@id":"https:\/\/www.swiss-aquatics.ch\/fr\/le-seminaire-coach-js-et-la-conference-de-la-promotion-des-espoirs-natation-virtuels-pour-la-premiere-fois\/"},"wordCount":22,"publisher":{"@id":"https:\/\/www.swiss-aquatics.ch\/fr\/#organization"},"image":{"@id":"https:\/\/www.swiss-aquatics.ch\/fr\/le-seminaire-coach-js-et-la-conference-de-la-promotion-des-espoirs-natation-virtuels-pour-la-premiere-fois\/#primaryimage"},"thumbnailUrl":"https:\/\/www.swiss-aquatics.ch\/wp-content\/uploads\/2021\/03\/NWF-Konferenz_Newsbild.png","articleSection":["Education","Swimming"],"inLanguage":"fr-FR"},{"@type":"WebPage","@id":"https:\/\/www.swiss-aquatics.ch\/fr\/le-seminaire-coach-js-et-la-conference-de-la-promotion-des-espoirs-natation-virtuels-pour-la-premiere-fois\/","url":"https:\/\/www.swiss-aquatics.ch\/fr\/le-seminaire-coach-js-et-la-conference-de-la-promotion-des-espoirs-natation-virtuels-pour-la-premiere-fois\/","name":"Le s\u00e9minaire coach J+S et la conf\u00e9rence de la promotion des espoirs natation virtuels pour la premi\u00e8re fois. - Swiss Aquatics","isPartOf":{"@id":"https:\/\/www.swiss-aquatics.ch\/fr\/#website"},"primaryImageOfPage":{"@id":"https:\/\/www.swiss-aquatics.ch\/fr\/le-seminaire-coach-js-et-la-conference-de-la-promotion-des-espoirs-natation-virtuels-pour-la-premiere-fois\/#primaryimage"},"image":{"@id":"https:\/\/www.swiss-aquatics.ch\/fr\/le-seminaire-coach-js-et-la-conference-de-la-promotion-des-espoirs-natation-virtuels-pour-la-premiere-fois\/#primaryimage"},"thumbnailUrl":"https:\/\/www.swiss-aquatics.ch\/wp-content\/uploads\/2021\/03\/NWF-Konferenz_Newsbild.png","datePublished":"2021-03-10T13:47:16+00:00","dateModified":"2022-06-14T04:49:46+00:00","breadcrumb":{"@id":"https:\/\/www.swiss-aquatics.ch\/fr\/le-seminaire-coach-js-et-la-conference-de-la-promotion-des-espoirs-natation-virtuels-pour-la-premiere-fois\/#breadcrumb"},"inLanguage":"fr-FR","potentialAction":[{"@type":"ReadAction","target":["https:\/\/www.swiss-aquatics.ch\/fr\/le-seminaire-coach-js-et-la-conference-de-la-promotion-des-espoirs-natation-virtuels-pour-la-premiere-fois\/"]}]},{"@type":"ImageObject","inLanguage":"fr-FR","@id":"https:\/\/www.swiss-aquatics.ch\/fr\/le-seminaire-coach-js-et-la-conference-de-la-promotion-des-espoirs-natation-virtuels-pour-la-premiere-fois\/#primaryimage","url":"https:\/\/www.swiss-aquatics.ch\/wp-content\/uploads\/2021\/03\/NWF-Konferenz_Newsbild.png","contentUrl":"https:\/\/www.swiss-aquatics.ch\/wp-content\/uploads\/2021\/03\/NWF-Konferenz_Newsbild.png","width":660,"height":320},{"@type":"BreadcrumbList","@id":"https:\/\/www.swiss-aquatics.ch\/fr\/le-seminaire-coach-js-et-la-conference-de-la-promotion-des-espoirs-natation-virtuels-pour-la-premiere-fois\/#breadcrumb","itemListElement":[{"@type":"ListItem","position":1,"name":"Page d'accueil","item":"https:\/\/www.swiss-aquatics.ch\/fr\/"},{"@type":"ListItem","position":2,"name":"Le s\u00e9mi\u00adn\u00adaire coach J+S et la con\u00adf\u00e9\u00adrence de la pro\u00admo\u00adti\u00adon des espoirs nata\u00adti\u00adon vir\u00adtuels pour la pre\u00admi\u00e8\u00adre&nbsp;fois."}]},{"@type":"WebSite","@id":"https:\/\/www.swiss-aquatics.ch\/fr\/#website","url":"https:\/\/www.swiss-aquatics.ch\/fr\/","name":"Swiss Aquatics","description":"","publisher":{"@id":"https:\/\/www.swiss-aquatics.ch\/fr\/#organization"},"potentialAction":[{"@type":"SearchAction","target":{"@type":"EntryPoint","urlTemplate":"https:\/\/www.swiss-aquatics.ch\/fr\/?s={search_term_string}"},"query-input":{"@type":"PropertyValueSpecification","valueRequired":true,"valueName":"search_term_string"}}],"inLanguage":"fr-FR"},{"@type":"Organization","@id":"https:\/\/www.swiss-aquatics.ch\/fr\/#organization","name":"Swiss Aquatics","url":"https:\/\/www.swiss-aquatics.ch\/fr\/","logo":{"@type":"ImageObject","inLanguage":"fr-FR","@id":"https:\/\/www.swiss-aquatics.ch\/fr\/#\/schema\/logo\/image\/","url":"https:\/\/www.swiss-aquatics.ch\/wp-content\/uploads\/2020\/12\/logo.png","contentUrl":"https:\/\/www.swiss-aquatics.ch\/wp-content\/uploads\/2020\/12\/logo.png","width":580,"height":58,"caption":"Swiss Aquatics"},"image":{"@id":"https:\/\/www.swiss-aquatics.ch\/fr\/#\/schema\/logo\/image\/"}},{"@type":"Person","@id":"https:\/\/www.swiss-aquatics.ch\/fr\/#\/schema\/person\/d01a73eee118a6f8e44eeff4e5f80cdf","name":"Fabienne Kunz","image":{"@type":"ImageObject","inLanguage":"fr-FR","@id":"https:\/\/secure.gravatar.com\/avatar\/c0894e38ccd6ae43612ab1e42b9126cf559ea76c12b6786db31468a86043c9f8?s=96&d=mm&r=g","url":"https:\/\/secure.gravatar.com\/avatar\/c0894e38ccd6ae43612ab1e42b9126cf559ea76c12b6786db31468a86043c9f8?s=96&d=mm&r=g","contentUrl":"https:\/\/secure.gravatar.com\/avatar\/c0894e38ccd6ae43612ab1e42b9126cf559ea76c12b6786db31468a86043c9f8?s=96&d=mm&r=g","caption":"Fabienne Kunz"}}]}},"_links":{"self":[{"href":"https:\/\/www.swiss-aquatics.ch\/fr\/wp-json\/wp\/v2\/posts\/14677","targetHints":{"allow":["GET"]}}],"collection":[{"href":"https:\/\/www.swiss-aquatics.ch\/fr\/wp-json\/wp\/v2\/posts"}],"about":[{"href":"https:\/\/www.swiss-aquatics.ch\/fr\/wp-json\/wp\/v2\/types\/post"}],"author":[{"embeddable":true,"href":"https:\/\/www.swiss-aquatics.ch\/fr\/wp-json\/wp\/v2\/users\/16"}],"replies":[{"embeddable":true,"href":"https:\/\/www.swiss-aquatics.ch\/fr\/wp-json\/wp\/v2\/comments?post=14677"}],"version-history":[{"count":2,"href":"https:\/\/www.swiss-aquatics.ch\/fr\/wp-json\/wp\/v2\/posts\/14677\/revisions"}],"predecessor-version":[{"id":14720,"href":"https:\/\/www.swiss-aquatics.ch\/fr\/wp-json\/wp\/v2\/posts\/14677\/revisions\/14720"}],"wp:featuredmedia":[{"embeddable":true,"href":"https:\/\/www.swiss-aquatics.ch\/fr\/wp-json\/wp\/v2\/media\/14646"}],"wp:attachment":[{"href":"https:\/\/www.swiss-aquatics.ch\/fr\/wp-json\/wp\/v2\/media?parent=14677"}],"wp:term":[{"taxonomy":"category","embeddable":true,"href":"https:\/\/www.swiss-aquatics.ch\/fr\/wp-json\/wp\/v2\/categories?post=14677"},{"taxonomy":"post_tag","embeddable":true,"href":"https:\/\/www.swiss-aquatics.ch\/fr\/wp-json\/wp\/v2\/tags?post=14677"}],"curies":[{"name":"wp","href":"https:\/\/api.w.org\/{rel}","templated":true}]}}