{"id":20269,"date":"2021-06-07T14:18:01","date_gmt":"2021-06-07T12:18:01","guid":{"rendered":"https:\/\/www.swiss-aquatics.ch\/news\/in-doha-wurde-eine-neue-aera-fuer-die-fina-eingeleitet-mit-schweizer-beteiligung\/"},"modified":"2022-06-14T06:39:25","modified_gmt":"2022-06-14T04:39:25","slug":"in-doha-wurde-eine-neue-aera-fuer-die-fina-eingeleitet-mit-schweizer-beteiligung","status":"publish","type":"post","link":"https:\/\/www.swiss-aquatics.ch\/fr\/in-doha-wurde-eine-neue-aera-fuer-die-fina-eingeleitet-mit-schweizer-beteiligung\/","title":{"rendered":"Une nouvelle \u00e8re pour la FINA a \u00e9t\u00e9 inaugur\u00e9e \u00e0 Doha, avec la participation de la Suisse"},"content":{"rendered":"","protected":false},"excerpt":{"rendered":"","protected":false},"author":2,"featured_media":20266,"comment_status":"closed","ping_status":"closed","sticky":false,"template":"","format":"standard","meta":{"_acf_changed":false,"footnotes":""},"categories":[2],"tags":[],"class_list":["post-20269","post","type-post","status-publish","format-standard","has-post-thumbnail","hentry","category-federation"],"acf":[],"yoast_head":"<!-- This site is optimized with the Yoast SEO plugin v27.5 - https:\/\/yoast.com\/product\/yoast-seo-wordpress\/ -->\n<title>Une nouvelle \u00e8re pour la FINA a \u00e9t\u00e9 inaugur\u00e9e \u00e0 Doha, avec la participation de la Suisse - Swiss Aquatics<\/title>\n<meta name=\"robots\" content=\"index, follow, max-snippet:-1, max-image-preview:large, max-video-preview:-1\" \/>\n<link rel=\"canonical\" href=\"https:\/\/www.swiss-aquatics.ch\/fr\/in-doha-wurde-eine-neue-aera-fuer-die-fina-eingeleitet-mit-schweizer-beteiligung\/\" \/>\n<meta property=\"og:locale\" content=\"fr_FR\" \/>\n<meta property=\"og:type\" content=\"article\" \/>\n<meta property=\"og:title\" content=\"Une nouvelle \u00e8re pour la FINA a \u00e9t\u00e9 inaugur\u00e9e \u00e0 Doha, avec la participation de la Suisse - Swiss Aquatics\" \/>\n<meta property=\"og:url\" content=\"https:\/\/www.swiss-aquatics.ch\/fr\/in-doha-wurde-eine-neue-aera-fuer-die-fina-eingeleitet-mit-schweizer-beteiligung\/\" \/>\n<meta property=\"og:site_name\" content=\"Swiss Aquatics\" \/>\n<meta property=\"article:published_time\" content=\"2021-06-07T12:18:01+00:00\" \/>\n<meta property=\"article:modified_time\" content=\"2022-06-14T04:39:25+00:00\" \/>\n<meta property=\"og:image\" content=\"https:\/\/www.swiss-aquatics.ch\/wp-content\/uploads\/2021\/06\/20210605_191901.jpg\" \/>\n\t<meta property=\"og:image:width\" content=\"1773\" \/>\n\t<meta property=\"og:image:height\" content=\"1330\" \/>\n\t<meta property=\"og:image:type\" content=\"image\/jpeg\" \/>\n<meta name=\"author\" content=\"C\u00e9line Pfeiffer\" \/>\n<meta name=\"twitter:card\" content=\"summary_large_image\" \/>\n<meta name=\"twitter:label1\" content=\"\u00c9crit par\" \/>\n\t<meta name=\"twitter:data1\" content=\"C\u00e9line Pfeiffer\" \/>\n<script type=\"application\/ld+json\" class=\"yoast-schema-graph\">{\"@context\":\"https:\\\/\\\/schema.org\",\"@graph\":[{\"@type\":\"Article\",\"@id\":\"https:\\\/\\\/www.swiss-aquatics.ch\\\/fr\\\/in-doha-wurde-eine-neue-aera-fuer-die-fina-eingeleitet-mit-schweizer-beteiligung\\\/#article\",\"isPartOf\":{\"@id\":\"https:\\\/\\\/www.swiss-aquatics.ch\\\/fr\\\/in-doha-wurde-eine-neue-aera-fuer-die-fina-eingeleitet-mit-schweizer-beteiligung\\\/\"},\"author\":{\"name\":\"C\u00e9line Pfeiffer\",\"@id\":\"https:\\\/\\\/www.swiss-aquatics.ch\\\/fr\\\/#\\\/schema\\\/person\\\/0f9b4ef32f528ad26649c6b34725ac76\"},\"headline\":\"Une nouvelle \u00e8re pour la FINA a \u00e9t\u00e9 inaugur\u00e9e \u00e0 Doha, avec la participation de la Suisse\",\"datePublished\":\"2021-06-07T12:18:01+00:00\",\"dateModified\":\"2022-06-14T04:39:25+00:00\",\"mainEntityOfPage\":{\"@id\":\"https:\\\/\\\/www.swiss-aquatics.ch\\\/fr\\\/in-doha-wurde-eine-neue-aera-fuer-die-fina-eingeleitet-mit-schweizer-beteiligung\\\/\"},\"wordCount\":17,\"publisher\":{\"@id\":\"https:\\\/\\\/www.swiss-aquatics.ch\\\/fr\\\/#organization\"},\"image\":{\"@id\":\"https:\\\/\\\/www.swiss-aquatics.ch\\\/fr\\\/in-doha-wurde-eine-neue-aera-fuer-die-fina-eingeleitet-mit-schweizer-beteiligung\\\/#primaryimage\"},\"thumbnailUrl\":\"https:\\\/\\\/www.swiss-aquatics.ch\\\/wp-content\\\/uploads\\\/2021\\\/06\\\/20210605_191901.jpg\",\"articleSection\":[\"F\u00e9d\u00e9ration\"],\"inLanguage\":\"fr-FR\"},{\"@type\":\"WebPage\",\"@id\":\"https:\\\/\\\/www.swiss-aquatics.ch\\\/fr\\\/in-doha-wurde-eine-neue-aera-fuer-die-fina-eingeleitet-mit-schweizer-beteiligung\\\/\",\"url\":\"https:\\\/\\\/www.swiss-aquatics.ch\\\/fr\\\/in-doha-wurde-eine-neue-aera-fuer-die-fina-eingeleitet-mit-schweizer-beteiligung\\\/\",\"name\":\"Une nouvelle \u00e8re pour la FINA a \u00e9t\u00e9 inaugur\u00e9e \u00e0 Doha, avec la participation de la Suisse - Swiss Aquatics\",\"isPartOf\":{\"@id\":\"https:\\\/\\\/www.swiss-aquatics.ch\\\/fr\\\/#website\"},\"primaryImageOfPage\":{\"@id\":\"https:\\\/\\\/www.swiss-aquatics.ch\\\/fr\\\/in-doha-wurde-eine-neue-aera-fuer-die-fina-eingeleitet-mit-schweizer-beteiligung\\\/#primaryimage\"},\"image\":{\"@id\":\"https:\\\/\\\/www.swiss-aquatics.ch\\\/fr\\\/in-doha-wurde-eine-neue-aera-fuer-die-fina-eingeleitet-mit-schweizer-beteiligung\\\/#primaryimage\"},\"thumbnailUrl\":\"https:\\\/\\\/www.swiss-aquatics.ch\\\/wp-content\\\/uploads\\\/2021\\\/06\\\/20210605_191901.jpg\",\"datePublished\":\"2021-06-07T12:18:01+00:00\",\"dateModified\":\"2022-06-14T04:39:25+00:00\",\"breadcrumb\":{\"@id\":\"https:\\\/\\\/www.swiss-aquatics.ch\\\/fr\\\/in-doha-wurde-eine-neue-aera-fuer-die-fina-eingeleitet-mit-schweizer-beteiligung\\\/#breadcrumb\"},\"inLanguage\":\"fr-FR\",\"potentialAction\":[{\"@type\":\"ReadAction\",\"target\":[\"https:\\\/\\\/www.swiss-aquatics.ch\\\/fr\\\/in-doha-wurde-eine-neue-aera-fuer-die-fina-eingeleitet-mit-schweizer-beteiligung\\\/\"]}]},{\"@type\":\"ImageObject\",\"inLanguage\":\"fr-FR\",\"@id\":\"https:\\\/\\\/www.swiss-aquatics.ch\\\/fr\\\/in-doha-wurde-eine-neue-aera-fuer-die-fina-eingeleitet-mit-schweizer-beteiligung\\\/#primaryimage\",\"url\":\"https:\\\/\\\/www.swiss-aquatics.ch\\\/wp-content\\\/uploads\\\/2021\\\/06\\\/20210605_191901.jpg\",\"contentUrl\":\"https:\\\/\\\/www.swiss-aquatics.ch\\\/wp-content\\\/uploads\\\/2021\\\/06\\\/20210605_191901.jpg\",\"width\":1773,\"height\":1330,\"caption\":\"3 pr\u00e9sidents (de gauche \u00e0 droite: Ewen Cameron, Husain Al Musallam, Bartolo Consolo)\"},{\"@type\":\"BreadcrumbList\",\"@id\":\"https:\\\/\\\/www.swiss-aquatics.ch\\\/fr\\\/in-doha-wurde-eine-neue-aera-fuer-die-fina-eingeleitet-mit-schweizer-beteiligung\\\/#breadcrumb\",\"itemListElement\":[{\"@type\":\"ListItem\",\"position\":1,\"name\":\"Page d'accueil\",\"item\":\"https:\\\/\\\/www.swiss-aquatics.ch\\\/fr\\\/\"},{\"@type\":\"ListItem\",\"position\":2,\"name\":\"Une nou\u00advelle \u00e8re pour la FINA a \u00e9t\u00e9 inau\u00adgu\u00adr\u00e9e \u00e0 Doha, avec la par\u00adti\u00adci\u00adpa\u00adtion de la Suisse\"}]},{\"@type\":\"WebSite\",\"@id\":\"https:\\\/\\\/www.swiss-aquatics.ch\\\/fr\\\/#website\",\"url\":\"https:\\\/\\\/www.swiss-aquatics.ch\\\/fr\\\/\",\"name\":\"Swiss Aquatics\",\"description\":\"\",\"publisher\":{\"@id\":\"https:\\\/\\\/www.swiss-aquatics.ch\\\/fr\\\/#organization\"},\"potentialAction\":[{\"@type\":\"SearchAction\",\"target\":{\"@type\":\"EntryPoint\",\"urlTemplate\":\"https:\\\/\\\/www.swiss-aquatics.ch\\\/fr\\\/?s={search_term_string}\"},\"query-input\":{\"@type\":\"PropertyValueSpecification\",\"valueRequired\":true,\"valueName\":\"search_term_string\"}}],\"inLanguage\":\"fr-FR\"},{\"@type\":\"Organization\",\"@id\":\"https:\\\/\\\/www.swiss-aquatics.ch\\\/fr\\\/#organization\",\"name\":\"Swiss Aquatics\",\"url\":\"https:\\\/\\\/www.swiss-aquatics.ch\\\/fr\\\/\",\"logo\":{\"@type\":\"ImageObject\",\"inLanguage\":\"fr-FR\",\"@id\":\"https:\\\/\\\/www.swiss-aquatics.ch\\\/fr\\\/#\\\/schema\\\/logo\\\/image\\\/\",\"url\":\"https:\\\/\\\/www.swiss-aquatics.ch\\\/wp-content\\\/uploads\\\/2020\\\/12\\\/logo.png\",\"contentUrl\":\"https:\\\/\\\/www.swiss-aquatics.ch\\\/wp-content\\\/uploads\\\/2020\\\/12\\\/logo.png\",\"width\":580,\"height\":58,\"caption\":\"Swiss Aquatics\"},\"image\":{\"@id\":\"https:\\\/\\\/www.swiss-aquatics.ch\\\/fr\\\/#\\\/schema\\\/logo\\\/image\\\/\"}},{\"@type\":\"Person\",\"@id\":\"https:\\\/\\\/www.swiss-aquatics.ch\\\/fr\\\/#\\\/schema\\\/person\\\/0f9b4ef32f528ad26649c6b34725ac76\",\"name\":\"C\u00e9line Pfeiffer\",\"image\":{\"@type\":\"ImageObject\",\"inLanguage\":\"fr-FR\",\"@id\":\"https:\\\/\\\/secure.gravatar.com\\\/avatar\\\/3d5697c727e2039bfbd16601aeba47d8b08a55a8722b845b9d417b76a91a5e50?s=96&d=mm&r=g\",\"url\":\"https:\\\/\\\/secure.gravatar.com\\\/avatar\\\/3d5697c727e2039bfbd16601aeba47d8b08a55a8722b845b9d417b76a91a5e50?s=96&d=mm&r=g\",\"contentUrl\":\"https:\\\/\\\/secure.gravatar.com\\\/avatar\\\/3d5697c727e2039bfbd16601aeba47d8b08a55a8722b845b9d417b76a91a5e50?s=96&d=mm&r=g\",\"caption\":\"C\u00e9line Pfeiffer\"}}]}<\/script>\n<!-- \/ Yoast SEO plugin. -->","yoast_head_json":{"title":"Une nouvelle \u00e8re pour la FINA a \u00e9t\u00e9 inaugur\u00e9e \u00e0 Doha, avec la participation de la Suisse - Swiss Aquatics","robots":{"index":"index","follow":"follow","max-snippet":"max-snippet:-1","max-image-preview":"max-image-preview:large","max-video-preview":"max-video-preview:-1"},"canonical":"https:\/\/www.swiss-aquatics.ch\/fr\/in-doha-wurde-eine-neue-aera-fuer-die-fina-eingeleitet-mit-schweizer-beteiligung\/","og_locale":"fr_FR","og_type":"article","og_title":"Une nouvelle \u00e8re pour la FINA a \u00e9t\u00e9 inaugur\u00e9e \u00e0 Doha, avec la participation de la Suisse - Swiss Aquatics","og_url":"https:\/\/www.swiss-aquatics.ch\/fr\/in-doha-wurde-eine-neue-aera-fuer-die-fina-eingeleitet-mit-schweizer-beteiligung\/","og_site_name":"Swiss Aquatics","article_published_time":"2021-06-07T12:18:01+00:00","article_modified_time":"2022-06-14T04:39:25+00:00","og_image":[{"width":1773,"height":1330,"url":"https:\/\/www.swiss-aquatics.ch\/wp-content\/uploads\/2021\/06\/20210605_191901.jpg","type":"image\/jpeg"}],"author":"C\u00e9line Pfeiffer","twitter_card":"summary_large_image","twitter_misc":{"\u00c9crit par":"C\u00e9line Pfeiffer"},"schema":{"@context":"https:\/\/schema.org","@graph":[{"@type":"Article","@id":"https:\/\/www.swiss-aquatics.ch\/fr\/in-doha-wurde-eine-neue-aera-fuer-die-fina-eingeleitet-mit-schweizer-beteiligung\/#article","isPartOf":{"@id":"https:\/\/www.swiss-aquatics.ch\/fr\/in-doha-wurde-eine-neue-aera-fuer-die-fina-eingeleitet-mit-schweizer-beteiligung\/"},"author":{"name":"C\u00e9line Pfeiffer","@id":"https:\/\/www.swiss-aquatics.ch\/fr\/#\/schema\/person\/0f9b4ef32f528ad26649c6b34725ac76"},"headline":"Une nouvelle \u00e8re pour la FINA a \u00e9t\u00e9 inaugur\u00e9e \u00e0 Doha, avec la participation de la Suisse","datePublished":"2021-06-07T12:18:01+00:00","dateModified":"2022-06-14T04:39:25+00:00","mainEntityOfPage":{"@id":"https:\/\/www.swiss-aquatics.ch\/fr\/in-doha-wurde-eine-neue-aera-fuer-die-fina-eingeleitet-mit-schweizer-beteiligung\/"},"wordCount":17,"publisher":{"@id":"https:\/\/www.swiss-aquatics.ch\/fr\/#organization"},"image":{"@id":"https:\/\/www.swiss-aquatics.ch\/fr\/in-doha-wurde-eine-neue-aera-fuer-die-fina-eingeleitet-mit-schweizer-beteiligung\/#primaryimage"},"thumbnailUrl":"https:\/\/www.swiss-aquatics.ch\/wp-content\/uploads\/2021\/06\/20210605_191901.jpg","articleSection":["F\u00e9d\u00e9ration"],"inLanguage":"fr-FR"},{"@type":"WebPage","@id":"https:\/\/www.swiss-aquatics.ch\/fr\/in-doha-wurde-eine-neue-aera-fuer-die-fina-eingeleitet-mit-schweizer-beteiligung\/","url":"https:\/\/www.swiss-aquatics.ch\/fr\/in-doha-wurde-eine-neue-aera-fuer-die-fina-eingeleitet-mit-schweizer-beteiligung\/","name":"Une nouvelle \u00e8re pour la FINA a \u00e9t\u00e9 inaugur\u00e9e \u00e0 Doha, avec la participation de la Suisse - Swiss Aquatics","isPartOf":{"@id":"https:\/\/www.swiss-aquatics.ch\/fr\/#website"},"primaryImageOfPage":{"@id":"https:\/\/www.swiss-aquatics.ch\/fr\/in-doha-wurde-eine-neue-aera-fuer-die-fina-eingeleitet-mit-schweizer-beteiligung\/#primaryimage"},"image":{"@id":"https:\/\/www.swiss-aquatics.ch\/fr\/in-doha-wurde-eine-neue-aera-fuer-die-fina-eingeleitet-mit-schweizer-beteiligung\/#primaryimage"},"thumbnailUrl":"https:\/\/www.swiss-aquatics.ch\/wp-content\/uploads\/2021\/06\/20210605_191901.jpg","datePublished":"2021-06-07T12:18:01+00:00","dateModified":"2022-06-14T04:39:25+00:00","breadcrumb":{"@id":"https:\/\/www.swiss-aquatics.ch\/fr\/in-doha-wurde-eine-neue-aera-fuer-die-fina-eingeleitet-mit-schweizer-beteiligung\/#breadcrumb"},"inLanguage":"fr-FR","potentialAction":[{"@type":"ReadAction","target":["https:\/\/www.swiss-aquatics.ch\/fr\/in-doha-wurde-eine-neue-aera-fuer-die-fina-eingeleitet-mit-schweizer-beteiligung\/"]}]},{"@type":"ImageObject","inLanguage":"fr-FR","@id":"https:\/\/www.swiss-aquatics.ch\/fr\/in-doha-wurde-eine-neue-aera-fuer-die-fina-eingeleitet-mit-schweizer-beteiligung\/#primaryimage","url":"https:\/\/www.swiss-aquatics.ch\/wp-content\/uploads\/2021\/06\/20210605_191901.jpg","contentUrl":"https:\/\/www.swiss-aquatics.ch\/wp-content\/uploads\/2021\/06\/20210605_191901.jpg","width":1773,"height":1330,"caption":"3 pr\u00e9sidents (de gauche \u00e0 droite: Ewen Cameron, Husain Al Musallam, Bartolo Consolo)"},{"@type":"BreadcrumbList","@id":"https:\/\/www.swiss-aquatics.ch\/fr\/in-doha-wurde-eine-neue-aera-fuer-die-fina-eingeleitet-mit-schweizer-beteiligung\/#breadcrumb","itemListElement":[{"@type":"ListItem","position":1,"name":"Page d'accueil","item":"https:\/\/www.swiss-aquatics.ch\/fr\/"},{"@type":"ListItem","position":2,"name":"Une nou\u00advelle \u00e8re pour la FINA a \u00e9t\u00e9 inau\u00adgu\u00adr\u00e9e \u00e0 Doha, avec la par\u00adti\u00adci\u00adpa\u00adtion de la Suisse"}]},{"@type":"WebSite","@id":"https:\/\/www.swiss-aquatics.ch\/fr\/#website","url":"https:\/\/www.swiss-aquatics.ch\/fr\/","name":"Swiss Aquatics","description":"","publisher":{"@id":"https:\/\/www.swiss-aquatics.ch\/fr\/#organization"},"potentialAction":[{"@type":"SearchAction","target":{"@type":"EntryPoint","urlTemplate":"https:\/\/www.swiss-aquatics.ch\/fr\/?s={search_term_string}"},"query-input":{"@type":"PropertyValueSpecification","valueRequired":true,"valueName":"search_term_string"}}],"inLanguage":"fr-FR"},{"@type":"Organization","@id":"https:\/\/www.swiss-aquatics.ch\/fr\/#organization","name":"Swiss Aquatics","url":"https:\/\/www.swiss-aquatics.ch\/fr\/","logo":{"@type":"ImageObject","inLanguage":"fr-FR","@id":"https:\/\/www.swiss-aquatics.ch\/fr\/#\/schema\/logo\/image\/","url":"https:\/\/www.swiss-aquatics.ch\/wp-content\/uploads\/2020\/12\/logo.png","contentUrl":"https:\/\/www.swiss-aquatics.ch\/wp-content\/uploads\/2020\/12\/logo.png","width":580,"height":58,"caption":"Swiss Aquatics"},"image":{"@id":"https:\/\/www.swiss-aquatics.ch\/fr\/#\/schema\/logo\/image\/"}},{"@type":"Person","@id":"https:\/\/www.swiss-aquatics.ch\/fr\/#\/schema\/person\/0f9b4ef32f528ad26649c6b34725ac76","name":"C\u00e9line Pfeiffer","image":{"@type":"ImageObject","inLanguage":"fr-FR","@id":"https:\/\/secure.gravatar.com\/avatar\/3d5697c727e2039bfbd16601aeba47d8b08a55a8722b845b9d417b76a91a5e50?s=96&d=mm&r=g","url":"https:\/\/secure.gravatar.com\/avatar\/3d5697c727e2039bfbd16601aeba47d8b08a55a8722b845b9d417b76a91a5e50?s=96&d=mm&r=g","contentUrl":"https:\/\/secure.gravatar.com\/avatar\/3d5697c727e2039bfbd16601aeba47d8b08a55a8722b845b9d417b76a91a5e50?s=96&d=mm&r=g","caption":"C\u00e9line Pfeiffer"}}]}},"_links":{"self":[{"href":"https:\/\/www.swiss-aquatics.ch\/fr\/wp-json\/wp\/v2\/posts\/20269","targetHints":{"allow":["GET"]}}],"collection":[{"href":"https:\/\/www.swiss-aquatics.ch\/fr\/wp-json\/wp\/v2\/posts"}],"about":[{"href":"https:\/\/www.swiss-aquatics.ch\/fr\/wp-json\/wp\/v2\/types\/post"}],"author":[{"embeddable":true,"href":"https:\/\/www.swiss-aquatics.ch\/fr\/wp-json\/wp\/v2\/users\/2"}],"replies":[{"embeddable":true,"href":"https:\/\/www.swiss-aquatics.ch\/fr\/wp-json\/wp\/v2\/comments?post=20269"}],"version-history":[{"count":2,"href":"https:\/\/www.swiss-aquatics.ch\/fr\/wp-json\/wp\/v2\/posts\/20269\/revisions"}],"predecessor-version":[{"id":20271,"href":"https:\/\/www.swiss-aquatics.ch\/fr\/wp-json\/wp\/v2\/posts\/20269\/revisions\/20271"}],"wp:featuredmedia":[{"embeddable":true,"href":"https:\/\/www.swiss-aquatics.ch\/fr\/wp-json\/wp\/v2\/media\/20266"}],"wp:attachment":[{"href":"https:\/\/www.swiss-aquatics.ch\/fr\/wp-json\/wp\/v2\/media?parent=20269"}],"wp:term":[{"taxonomy":"category","embeddable":true,"href":"https:\/\/www.swiss-aquatics.ch\/fr\/wp-json\/wp\/v2\/categories?post=20269"},{"taxonomy":"post_tag","embeddable":true,"href":"https:\/\/www.swiss-aquatics.ch\/fr\/wp-json\/wp\/v2\/tags?post=20269"}],"curies":[{"name":"wp","href":"https:\/\/api.w.org\/{rel}","templated":true}]}}