{"id":31906,"date":"2022-01-31T17:10:58","date_gmt":"2022-01-31T16:10:58","guid":{"rendered":"https:\/\/www.swiss-aquatics.ch\/news\/medienmitteilung-arena-arena-signs-swiss-olympic-medallist-noe-ponti\/"},"modified":"2022-06-13T16:36:17","modified_gmt":"2022-06-13T14:36:17","slug":"medienmitteilung-arena-arena-signs-swiss-olympic-medallist-noe-ponti","status":"publish","type":"post","link":"https:\/\/www.swiss-aquatics.ch\/fr\/medienmitteilung-arena-arena-signs-swiss-olympic-medallist-noe-ponti\/","title":{"rendered":"communiqu\u00e9 de presse | arena signs Swiss Olympic medallist No\u00e8 Ponti"},"content":{"rendered":"","protected":false},"excerpt":{"rendered":"","protected":false},"author":2,"featured_media":23550,"comment_status":"closed","ping_status":"closed","sticky":false,"template":"","format":"standard","meta":{"_acf_changed":false,"footnotes":""},"categories":[2,30],"tags":[],"class_list":["post-31906","post","type-post","status-publish","format-standard","has-post-thumbnail","hentry","category-federation","category-swimming-fr"],"acf":[],"yoast_head":"<!-- This site is optimized with the Yoast SEO plugin v27.5 - https:\/\/yoast.com\/product\/yoast-seo-wordpress\/ -->\n<title>communiqu\u00e9 de presse | arena signs Swiss Olympic medallist No\u00e8 Ponti - Swiss Aquatics<\/title>\n<meta name=\"robots\" content=\"index, follow, max-snippet:-1, max-image-preview:large, max-video-preview:-1\" \/>\n<link rel=\"canonical\" href=\"https:\/\/www.swiss-aquatics.ch\/fr\/medienmitteilung-arena-arena-signs-swiss-olympic-medallist-noe-ponti\/\" \/>\n<meta property=\"og:locale\" content=\"fr_FR\" \/>\n<meta property=\"og:type\" content=\"article\" \/>\n<meta property=\"og:title\" content=\"communiqu\u00e9 de presse | arena signs Swiss Olympic medallist No\u00e8 Ponti - Swiss Aquatics\" \/>\n<meta property=\"og:url\" content=\"https:\/\/www.swiss-aquatics.ch\/fr\/medienmitteilung-arena-arena-signs-swiss-olympic-medallist-noe-ponti\/\" \/>\n<meta property=\"og:site_name\" content=\"Swiss Aquatics\" \/>\n<meta property=\"article:published_time\" content=\"2022-01-31T16:10:58+00:00\" \/>\n<meta property=\"article:modified_time\" content=\"2022-06-13T14:36:17+00:00\" \/>\n<meta property=\"og:image\" content=\"https:\/\/www.swiss-aquatics.ch\/wp-content\/uploads\/2021\/07\/magicpbk_20210731_swi_0673_e.jpg\" \/>\n\t<meta property=\"og:image:width\" content=\"1200\" \/>\n\t<meta property=\"og:image:height\" content=\"800\" \/>\n\t<meta property=\"og:image:type\" content=\"image\/jpeg\" \/>\n<meta name=\"author\" content=\"C\u00e9line Pfeiffer\" \/>\n<meta name=\"twitter:card\" content=\"summary_large_image\" \/>\n<meta name=\"twitter:label1\" content=\"\u00c9crit par\" \/>\n\t<meta name=\"twitter:data1\" content=\"C\u00e9line Pfeiffer\" \/>\n<script type=\"application\/ld+json\" class=\"yoast-schema-graph\">{\"@context\":\"https:\\\/\\\/schema.org\",\"@graph\":[{\"@type\":\"Article\",\"@id\":\"https:\\\/\\\/www.swiss-aquatics.ch\\\/fr\\\/medienmitteilung-arena-arena-signs-swiss-olympic-medallist-noe-ponti\\\/#article\",\"isPartOf\":{\"@id\":\"https:\\\/\\\/www.swiss-aquatics.ch\\\/fr\\\/medienmitteilung-arena-arena-signs-swiss-olympic-medallist-noe-ponti\\\/\"},\"author\":{\"name\":\"C\u00e9line Pfeiffer\",\"@id\":\"https:\\\/\\\/www.swiss-aquatics.ch\\\/fr\\\/#\\\/schema\\\/person\\\/0f9b4ef32f528ad26649c6b34725ac76\"},\"headline\":\"communiqu\u00e9 de presse | arena signs Swiss Olympic medallist No\u00e8 Ponti\",\"datePublished\":\"2022-01-31T16:10:58+00:00\",\"dateModified\":\"2022-06-13T14:36:17+00:00\",\"mainEntityOfPage\":{\"@id\":\"https:\\\/\\\/www.swiss-aquatics.ch\\\/fr\\\/medienmitteilung-arena-arena-signs-swiss-olympic-medallist-noe-ponti\\\/\"},\"wordCount\":10,\"publisher\":{\"@id\":\"https:\\\/\\\/www.swiss-aquatics.ch\\\/fr\\\/#organization\"},\"image\":{\"@id\":\"https:\\\/\\\/www.swiss-aquatics.ch\\\/fr\\\/medienmitteilung-arena-arena-signs-swiss-olympic-medallist-noe-ponti\\\/#primaryimage\"},\"thumbnailUrl\":\"https:\\\/\\\/www.swiss-aquatics.ch\\\/wp-content\\\/uploads\\\/2021\\\/07\\\/magicpbk_20210731_swi_0673_e.jpg\",\"articleSection\":[\"F\u00e9d\u00e9ration\",\"Swimming\"],\"inLanguage\":\"fr-FR\"},{\"@type\":\"WebPage\",\"@id\":\"https:\\\/\\\/www.swiss-aquatics.ch\\\/fr\\\/medienmitteilung-arena-arena-signs-swiss-olympic-medallist-noe-ponti\\\/\",\"url\":\"https:\\\/\\\/www.swiss-aquatics.ch\\\/fr\\\/medienmitteilung-arena-arena-signs-swiss-olympic-medallist-noe-ponti\\\/\",\"name\":\"communiqu\u00e9 de presse | arena signs Swiss Olympic medallist No\u00e8 Ponti - Swiss Aquatics\",\"isPartOf\":{\"@id\":\"https:\\\/\\\/www.swiss-aquatics.ch\\\/fr\\\/#website\"},\"primaryImageOfPage\":{\"@id\":\"https:\\\/\\\/www.swiss-aquatics.ch\\\/fr\\\/medienmitteilung-arena-arena-signs-swiss-olympic-medallist-noe-ponti\\\/#primaryimage\"},\"image\":{\"@id\":\"https:\\\/\\\/www.swiss-aquatics.ch\\\/fr\\\/medienmitteilung-arena-arena-signs-swiss-olympic-medallist-noe-ponti\\\/#primaryimage\"},\"thumbnailUrl\":\"https:\\\/\\\/www.swiss-aquatics.ch\\\/wp-content\\\/uploads\\\/2021\\\/07\\\/magicpbk_20210731_swi_0673_e.jpg\",\"datePublished\":\"2022-01-31T16:10:58+00:00\",\"dateModified\":\"2022-06-13T14:36:17+00:00\",\"breadcrumb\":{\"@id\":\"https:\\\/\\\/www.swiss-aquatics.ch\\\/fr\\\/medienmitteilung-arena-arena-signs-swiss-olympic-medallist-noe-ponti\\\/#breadcrumb\"},\"inLanguage\":\"fr-FR\",\"potentialAction\":[{\"@type\":\"ReadAction\",\"target\":[\"https:\\\/\\\/www.swiss-aquatics.ch\\\/fr\\\/medienmitteilung-arena-arena-signs-swiss-olympic-medallist-noe-ponti\\\/\"]}]},{\"@type\":\"ImageObject\",\"inLanguage\":\"fr-FR\",\"@id\":\"https:\\\/\\\/www.swiss-aquatics.ch\\\/fr\\\/medienmitteilung-arena-arena-signs-swiss-olympic-medallist-noe-ponti\\\/#primaryimage\",\"url\":\"https:\\\/\\\/www.swiss-aquatics.ch\\\/wp-content\\\/uploads\\\/2021\\\/07\\\/magicpbk_20210731_swi_0673_e.jpg\",\"contentUrl\":\"https:\\\/\\\/www.swiss-aquatics.ch\\\/wp-content\\\/uploads\\\/2021\\\/07\\\/magicpbk_20210731_swi_0673_e.jpg\",\"width\":1200,\"height\":800,\"caption\":\"No\u00e8 Ponti, Tokyo 2020\"},{\"@type\":\"BreadcrumbList\",\"@id\":\"https:\\\/\\\/www.swiss-aquatics.ch\\\/fr\\\/medienmitteilung-arena-arena-signs-swiss-olympic-medallist-noe-ponti\\\/#breadcrumb\",\"itemListElement\":[{\"@type\":\"ListItem\",\"position\":1,\"name\":\"Page d'accueil\",\"item\":\"https:\\\/\\\/www.swiss-aquatics.ch\\\/fr\\\/\"},{\"@type\":\"ListItem\",\"position\":2,\"name\":\"com\u00admu\u00adni\u00adqu\u00e9 de pres\u00adse | are\u00adna signs Swiss Olym\u00adpic medal\u00adlist No\u00e8&nbsp;Ponti\"}]},{\"@type\":\"WebSite\",\"@id\":\"https:\\\/\\\/www.swiss-aquatics.ch\\\/fr\\\/#website\",\"url\":\"https:\\\/\\\/www.swiss-aquatics.ch\\\/fr\\\/\",\"name\":\"Swiss Aquatics\",\"description\":\"\",\"publisher\":{\"@id\":\"https:\\\/\\\/www.swiss-aquatics.ch\\\/fr\\\/#organization\"},\"potentialAction\":[{\"@type\":\"SearchAction\",\"target\":{\"@type\":\"EntryPoint\",\"urlTemplate\":\"https:\\\/\\\/www.swiss-aquatics.ch\\\/fr\\\/?s={search_term_string}\"},\"query-input\":{\"@type\":\"PropertyValueSpecification\",\"valueRequired\":true,\"valueName\":\"search_term_string\"}}],\"inLanguage\":\"fr-FR\"},{\"@type\":\"Organization\",\"@id\":\"https:\\\/\\\/www.swiss-aquatics.ch\\\/fr\\\/#organization\",\"name\":\"Swiss Aquatics\",\"url\":\"https:\\\/\\\/www.swiss-aquatics.ch\\\/fr\\\/\",\"logo\":{\"@type\":\"ImageObject\",\"inLanguage\":\"fr-FR\",\"@id\":\"https:\\\/\\\/www.swiss-aquatics.ch\\\/fr\\\/#\\\/schema\\\/logo\\\/image\\\/\",\"url\":\"https:\\\/\\\/www.swiss-aquatics.ch\\\/wp-content\\\/uploads\\\/2020\\\/12\\\/logo.png\",\"contentUrl\":\"https:\\\/\\\/www.swiss-aquatics.ch\\\/wp-content\\\/uploads\\\/2020\\\/12\\\/logo.png\",\"width\":580,\"height\":58,\"caption\":\"Swiss Aquatics\"},\"image\":{\"@id\":\"https:\\\/\\\/www.swiss-aquatics.ch\\\/fr\\\/#\\\/schema\\\/logo\\\/image\\\/\"}},{\"@type\":\"Person\",\"@id\":\"https:\\\/\\\/www.swiss-aquatics.ch\\\/fr\\\/#\\\/schema\\\/person\\\/0f9b4ef32f528ad26649c6b34725ac76\",\"name\":\"C\u00e9line Pfeiffer\",\"image\":{\"@type\":\"ImageObject\",\"inLanguage\":\"fr-FR\",\"@id\":\"https:\\\/\\\/secure.gravatar.com\\\/avatar\\\/3d5697c727e2039bfbd16601aeba47d8b08a55a8722b845b9d417b76a91a5e50?s=96&d=mm&r=g\",\"url\":\"https:\\\/\\\/secure.gravatar.com\\\/avatar\\\/3d5697c727e2039bfbd16601aeba47d8b08a55a8722b845b9d417b76a91a5e50?s=96&d=mm&r=g\",\"contentUrl\":\"https:\\\/\\\/secure.gravatar.com\\\/avatar\\\/3d5697c727e2039bfbd16601aeba47d8b08a55a8722b845b9d417b76a91a5e50?s=96&d=mm&r=g\",\"caption\":\"C\u00e9line Pfeiffer\"}}]}<\/script>\n<!-- \/ Yoast SEO plugin. -->","yoast_head_json":{"title":"communiqu\u00e9 de presse | arena signs Swiss Olympic medallist No\u00e8 Ponti - Swiss Aquatics","robots":{"index":"index","follow":"follow","max-snippet":"max-snippet:-1","max-image-preview":"max-image-preview:large","max-video-preview":"max-video-preview:-1"},"canonical":"https:\/\/www.swiss-aquatics.ch\/fr\/medienmitteilung-arena-arena-signs-swiss-olympic-medallist-noe-ponti\/","og_locale":"fr_FR","og_type":"article","og_title":"communiqu\u00e9 de presse | arena signs Swiss Olympic medallist No\u00e8 Ponti - Swiss Aquatics","og_url":"https:\/\/www.swiss-aquatics.ch\/fr\/medienmitteilung-arena-arena-signs-swiss-olympic-medallist-noe-ponti\/","og_site_name":"Swiss Aquatics","article_published_time":"2022-01-31T16:10:58+00:00","article_modified_time":"2022-06-13T14:36:17+00:00","og_image":[{"width":1200,"height":800,"url":"https:\/\/www.swiss-aquatics.ch\/wp-content\/uploads\/2021\/07\/magicpbk_20210731_swi_0673_e.jpg","type":"image\/jpeg"}],"author":"C\u00e9line Pfeiffer","twitter_card":"summary_large_image","twitter_misc":{"\u00c9crit par":"C\u00e9line Pfeiffer"},"schema":{"@context":"https:\/\/schema.org","@graph":[{"@type":"Article","@id":"https:\/\/www.swiss-aquatics.ch\/fr\/medienmitteilung-arena-arena-signs-swiss-olympic-medallist-noe-ponti\/#article","isPartOf":{"@id":"https:\/\/www.swiss-aquatics.ch\/fr\/medienmitteilung-arena-arena-signs-swiss-olympic-medallist-noe-ponti\/"},"author":{"name":"C\u00e9line Pfeiffer","@id":"https:\/\/www.swiss-aquatics.ch\/fr\/#\/schema\/person\/0f9b4ef32f528ad26649c6b34725ac76"},"headline":"communiqu\u00e9 de presse | arena signs Swiss Olympic medallist No\u00e8 Ponti","datePublished":"2022-01-31T16:10:58+00:00","dateModified":"2022-06-13T14:36:17+00:00","mainEntityOfPage":{"@id":"https:\/\/www.swiss-aquatics.ch\/fr\/medienmitteilung-arena-arena-signs-swiss-olympic-medallist-noe-ponti\/"},"wordCount":10,"publisher":{"@id":"https:\/\/www.swiss-aquatics.ch\/fr\/#organization"},"image":{"@id":"https:\/\/www.swiss-aquatics.ch\/fr\/medienmitteilung-arena-arena-signs-swiss-olympic-medallist-noe-ponti\/#primaryimage"},"thumbnailUrl":"https:\/\/www.swiss-aquatics.ch\/wp-content\/uploads\/2021\/07\/magicpbk_20210731_swi_0673_e.jpg","articleSection":["F\u00e9d\u00e9ration","Swimming"],"inLanguage":"fr-FR"},{"@type":"WebPage","@id":"https:\/\/www.swiss-aquatics.ch\/fr\/medienmitteilung-arena-arena-signs-swiss-olympic-medallist-noe-ponti\/","url":"https:\/\/www.swiss-aquatics.ch\/fr\/medienmitteilung-arena-arena-signs-swiss-olympic-medallist-noe-ponti\/","name":"communiqu\u00e9 de presse | arena signs Swiss Olympic medallist No\u00e8 Ponti - Swiss Aquatics","isPartOf":{"@id":"https:\/\/www.swiss-aquatics.ch\/fr\/#website"},"primaryImageOfPage":{"@id":"https:\/\/www.swiss-aquatics.ch\/fr\/medienmitteilung-arena-arena-signs-swiss-olympic-medallist-noe-ponti\/#primaryimage"},"image":{"@id":"https:\/\/www.swiss-aquatics.ch\/fr\/medienmitteilung-arena-arena-signs-swiss-olympic-medallist-noe-ponti\/#primaryimage"},"thumbnailUrl":"https:\/\/www.swiss-aquatics.ch\/wp-content\/uploads\/2021\/07\/magicpbk_20210731_swi_0673_e.jpg","datePublished":"2022-01-31T16:10:58+00:00","dateModified":"2022-06-13T14:36:17+00:00","breadcrumb":{"@id":"https:\/\/www.swiss-aquatics.ch\/fr\/medienmitteilung-arena-arena-signs-swiss-olympic-medallist-noe-ponti\/#breadcrumb"},"inLanguage":"fr-FR","potentialAction":[{"@type":"ReadAction","target":["https:\/\/www.swiss-aquatics.ch\/fr\/medienmitteilung-arena-arena-signs-swiss-olympic-medallist-noe-ponti\/"]}]},{"@type":"ImageObject","inLanguage":"fr-FR","@id":"https:\/\/www.swiss-aquatics.ch\/fr\/medienmitteilung-arena-arena-signs-swiss-olympic-medallist-noe-ponti\/#primaryimage","url":"https:\/\/www.swiss-aquatics.ch\/wp-content\/uploads\/2021\/07\/magicpbk_20210731_swi_0673_e.jpg","contentUrl":"https:\/\/www.swiss-aquatics.ch\/wp-content\/uploads\/2021\/07\/magicpbk_20210731_swi_0673_e.jpg","width":1200,"height":800,"caption":"No\u00e8 Ponti, Tokyo 2020"},{"@type":"BreadcrumbList","@id":"https:\/\/www.swiss-aquatics.ch\/fr\/medienmitteilung-arena-arena-signs-swiss-olympic-medallist-noe-ponti\/#breadcrumb","itemListElement":[{"@type":"ListItem","position":1,"name":"Page d'accueil","item":"https:\/\/www.swiss-aquatics.ch\/fr\/"},{"@type":"ListItem","position":2,"name":"com\u00admu\u00adni\u00adqu\u00e9 de pres\u00adse | are\u00adna signs Swiss Olym\u00adpic medal\u00adlist No\u00e8&nbsp;Ponti"}]},{"@type":"WebSite","@id":"https:\/\/www.swiss-aquatics.ch\/fr\/#website","url":"https:\/\/www.swiss-aquatics.ch\/fr\/","name":"Swiss Aquatics","description":"","publisher":{"@id":"https:\/\/www.swiss-aquatics.ch\/fr\/#organization"},"potentialAction":[{"@type":"SearchAction","target":{"@type":"EntryPoint","urlTemplate":"https:\/\/www.swiss-aquatics.ch\/fr\/?s={search_term_string}"},"query-input":{"@type":"PropertyValueSpecification","valueRequired":true,"valueName":"search_term_string"}}],"inLanguage":"fr-FR"},{"@type":"Organization","@id":"https:\/\/www.swiss-aquatics.ch\/fr\/#organization","name":"Swiss Aquatics","url":"https:\/\/www.swiss-aquatics.ch\/fr\/","logo":{"@type":"ImageObject","inLanguage":"fr-FR","@id":"https:\/\/www.swiss-aquatics.ch\/fr\/#\/schema\/logo\/image\/","url":"https:\/\/www.swiss-aquatics.ch\/wp-content\/uploads\/2020\/12\/logo.png","contentUrl":"https:\/\/www.swiss-aquatics.ch\/wp-content\/uploads\/2020\/12\/logo.png","width":580,"height":58,"caption":"Swiss Aquatics"},"image":{"@id":"https:\/\/www.swiss-aquatics.ch\/fr\/#\/schema\/logo\/image\/"}},{"@type":"Person","@id":"https:\/\/www.swiss-aquatics.ch\/fr\/#\/schema\/person\/0f9b4ef32f528ad26649c6b34725ac76","name":"C\u00e9line Pfeiffer","image":{"@type":"ImageObject","inLanguage":"fr-FR","@id":"https:\/\/secure.gravatar.com\/avatar\/3d5697c727e2039bfbd16601aeba47d8b08a55a8722b845b9d417b76a91a5e50?s=96&d=mm&r=g","url":"https:\/\/secure.gravatar.com\/avatar\/3d5697c727e2039bfbd16601aeba47d8b08a55a8722b845b9d417b76a91a5e50?s=96&d=mm&r=g","contentUrl":"https:\/\/secure.gravatar.com\/avatar\/3d5697c727e2039bfbd16601aeba47d8b08a55a8722b845b9d417b76a91a5e50?s=96&d=mm&r=g","caption":"C\u00e9line Pfeiffer"}}]}},"_links":{"self":[{"href":"https:\/\/www.swiss-aquatics.ch\/fr\/wp-json\/wp\/v2\/posts\/31906","targetHints":{"allow":["GET"]}}],"collection":[{"href":"https:\/\/www.swiss-aquatics.ch\/fr\/wp-json\/wp\/v2\/posts"}],"about":[{"href":"https:\/\/www.swiss-aquatics.ch\/fr\/wp-json\/wp\/v2\/types\/post"}],"author":[{"embeddable":true,"href":"https:\/\/www.swiss-aquatics.ch\/fr\/wp-json\/wp\/v2\/users\/2"}],"replies":[{"embeddable":true,"href":"https:\/\/www.swiss-aquatics.ch\/fr\/wp-json\/wp\/v2\/comments?post=31906"}],"version-history":[{"count":2,"href":"https:\/\/www.swiss-aquatics.ch\/fr\/wp-json\/wp\/v2\/posts\/31906\/revisions"}],"predecessor-version":[{"id":31909,"href":"https:\/\/www.swiss-aquatics.ch\/fr\/wp-json\/wp\/v2\/posts\/31906\/revisions\/31909"}],"wp:featuredmedia":[{"embeddable":true,"href":"https:\/\/www.swiss-aquatics.ch\/fr\/wp-json\/wp\/v2\/media\/23550"}],"wp:attachment":[{"href":"https:\/\/www.swiss-aquatics.ch\/fr\/wp-json\/wp\/v2\/media?parent=31906"}],"wp:term":[{"taxonomy":"category","embeddable":true,"href":"https:\/\/www.swiss-aquatics.ch\/fr\/wp-json\/wp\/v2\/categories?post=31906"},{"taxonomy":"post_tag","embeddable":true,"href":"https:\/\/www.swiss-aquatics.ch\/fr\/wp-json\/wp\/v2\/tags?post=31906"}],"curies":[{"name":"wp","href":"https:\/\/api.w.org\/{rel}","templated":true}]}}