{"id":33354,"date":"2022-03-08T08:44:04","date_gmt":"2022-03-08T07:44:04","guid":{"rendered":"https:\/\/www.swiss-aquatics.ch\/news\/ehrenmitglied-ehrenpraesident-hans-ulrich-schweizer-besucht-geschaeftsstelle-in-ittigen\/"},"modified":"2022-06-13T16:35:57","modified_gmt":"2022-06-13T14:35:57","slug":"ehrenmitglied-ehrenpraesident-hans-ulrich-schweizer-besucht-geschaeftsstelle-in-ittigen","status":"publish","type":"post","link":"https:\/\/www.swiss-aquatics.ch\/fr\/ehrenmitglied-ehrenpraesident-hans-ulrich-schweizer-besucht-geschaeftsstelle-in-ittigen\/","title":{"rendered":"HANS-ULRICH SCHWEIZER, MEMBRE D&rsquo;HONNEUR &#038; PR\u00c9SIDENT D&rsquo;HONNEUR, REND VISITE AU SECR\u00c9TARIAT G\u00c9N\u00c9RAL D&rsquo;ITTIGEN"},"content":{"rendered":"","protected":false},"excerpt":{"rendered":"","protected":false},"author":2,"featured_media":33344,"comment_status":"closed","ping_status":"closed","sticky":false,"template":"","format":"standard","meta":{"_acf_changed":false,"footnotes":""},"categories":[2],"tags":[],"class_list":["post-33354","post","type-post","status-publish","format-standard","has-post-thumbnail","hentry","category-federation"],"acf":[],"yoast_head":"<!-- This site is optimized with the Yoast SEO plugin v27.5 - https:\/\/yoast.com\/product\/yoast-seo-wordpress\/ -->\n<title>HANS-ULRICH SCHWEIZER, MEMBRE D&#039;HONNEUR &amp; PR\u00c9SIDENT D&#039;HONNEUR, REND VISITE AU SECR\u00c9TARIAT G\u00c9N\u00c9RAL D&#039;ITTIGEN - Swiss Aquatics<\/title>\n<meta name=\"robots\" content=\"index, follow, max-snippet:-1, max-image-preview:large, max-video-preview:-1\" \/>\n<link rel=\"canonical\" href=\"https:\/\/www.swiss-aquatics.ch\/fr\/ehrenmitglied-ehrenpraesident-hans-ulrich-schweizer-besucht-geschaeftsstelle-in-ittigen\/\" \/>\n<meta property=\"og:locale\" content=\"fr_FR\" \/>\n<meta property=\"og:type\" content=\"article\" \/>\n<meta property=\"og:title\" content=\"HANS-ULRICH SCHWEIZER, MEMBRE D&#039;HONNEUR &amp; PR\u00c9SIDENT D&#039;HONNEUR, REND VISITE AU SECR\u00c9TARIAT G\u00c9N\u00c9RAL D&#039;ITTIGEN - Swiss Aquatics\" \/>\n<meta property=\"og:url\" content=\"https:\/\/www.swiss-aquatics.ch\/fr\/ehrenmitglied-ehrenpraesident-hans-ulrich-schweizer-besucht-geschaeftsstelle-in-ittigen\/\" \/>\n<meta property=\"og:site_name\" content=\"Swiss Aquatics\" \/>\n<meta property=\"article:published_time\" content=\"2022-03-08T07:44:04+00:00\" \/>\n<meta property=\"article:modified_time\" content=\"2022-06-13T14:35:57+00:00\" \/>\n<meta property=\"og:image\" content=\"https:\/\/www.swiss-aquatics.ch\/wp-content\/uploads\/2022\/03\/Team_u_HuSch_2022_DSC4589-scaled.jpg\" \/>\n\t<meta property=\"og:image:width\" content=\"2560\" \/>\n\t<meta property=\"og:image:height\" content=\"1709\" \/>\n\t<meta property=\"og:image:type\" content=\"image\/jpeg\" \/>\n<meta name=\"author\" content=\"C\u00e9line Pfeiffer\" \/>\n<meta name=\"twitter:card\" content=\"summary_large_image\" \/>\n<meta name=\"twitter:label1\" content=\"\u00c9crit par\" \/>\n\t<meta name=\"twitter:data1\" content=\"C\u00e9line Pfeiffer\" \/>\n<script type=\"application\/ld+json\" class=\"yoast-schema-graph\">{\"@context\":\"https:\\\/\\\/schema.org\",\"@graph\":[{\"@type\":\"Article\",\"@id\":\"https:\\\/\\\/www.swiss-aquatics.ch\\\/fr\\\/ehrenmitglied-ehrenpraesident-hans-ulrich-schweizer-besucht-geschaeftsstelle-in-ittigen\\\/#article\",\"isPartOf\":{\"@id\":\"https:\\\/\\\/www.swiss-aquatics.ch\\\/fr\\\/ehrenmitglied-ehrenpraesident-hans-ulrich-schweizer-besucht-geschaeftsstelle-in-ittigen\\\/\"},\"author\":{\"name\":\"C\u00e9line Pfeiffer\",\"@id\":\"https:\\\/\\\/www.swiss-aquatics.ch\\\/fr\\\/#\\\/schema\\\/person\\\/0f9b4ef32f528ad26649c6b34725ac76\"},\"headline\":\"HANS-ULRICH SCHWEIZER, MEMBRE D&rsquo;HONNEUR &#038; PR\u00c9SIDENT D&rsquo;HONNEUR, REND VISITE AU SECR\u00c9TARIAT G\u00c9N\u00c9RAL D&rsquo;ITTIGEN\",\"datePublished\":\"2022-03-08T07:44:04+00:00\",\"dateModified\":\"2022-06-13T14:35:57+00:00\",\"mainEntityOfPage\":{\"@id\":\"https:\\\/\\\/www.swiss-aquatics.ch\\\/fr\\\/ehrenmitglied-ehrenpraesident-hans-ulrich-schweizer-besucht-geschaeftsstelle-in-ittigen\\\/\"},\"wordCount\":19,\"publisher\":{\"@id\":\"https:\\\/\\\/www.swiss-aquatics.ch\\\/fr\\\/#organization\"},\"image\":{\"@id\":\"https:\\\/\\\/www.swiss-aquatics.ch\\\/fr\\\/ehrenmitglied-ehrenpraesident-hans-ulrich-schweizer-besucht-geschaeftsstelle-in-ittigen\\\/#primaryimage\"},\"thumbnailUrl\":\"https:\\\/\\\/www.swiss-aquatics.ch\\\/wp-content\\\/uploads\\\/2022\\\/03\\\/Team_u_HuSch_2022_DSC4589-scaled.jpg\",\"articleSection\":[\"F\u00e9d\u00e9ration\"],\"inLanguage\":\"fr-FR\"},{\"@type\":\"WebPage\",\"@id\":\"https:\\\/\\\/www.swiss-aquatics.ch\\\/fr\\\/ehrenmitglied-ehrenpraesident-hans-ulrich-schweizer-besucht-geschaeftsstelle-in-ittigen\\\/\",\"url\":\"https:\\\/\\\/www.swiss-aquatics.ch\\\/fr\\\/ehrenmitglied-ehrenpraesident-hans-ulrich-schweizer-besucht-geschaeftsstelle-in-ittigen\\\/\",\"name\":\"HANS-ULRICH SCHWEIZER, MEMBRE D'HONNEUR & PR\u00c9SIDENT D'HONNEUR, REND VISITE AU SECR\u00c9TARIAT G\u00c9N\u00c9RAL D'ITTIGEN - Swiss Aquatics\",\"isPartOf\":{\"@id\":\"https:\\\/\\\/www.swiss-aquatics.ch\\\/fr\\\/#website\"},\"primaryImageOfPage\":{\"@id\":\"https:\\\/\\\/www.swiss-aquatics.ch\\\/fr\\\/ehrenmitglied-ehrenpraesident-hans-ulrich-schweizer-besucht-geschaeftsstelle-in-ittigen\\\/#primaryimage\"},\"image\":{\"@id\":\"https:\\\/\\\/www.swiss-aquatics.ch\\\/fr\\\/ehrenmitglied-ehrenpraesident-hans-ulrich-schweizer-besucht-geschaeftsstelle-in-ittigen\\\/#primaryimage\"},\"thumbnailUrl\":\"https:\\\/\\\/www.swiss-aquatics.ch\\\/wp-content\\\/uploads\\\/2022\\\/03\\\/Team_u_HuSch_2022_DSC4589-scaled.jpg\",\"datePublished\":\"2022-03-08T07:44:04+00:00\",\"dateModified\":\"2022-06-13T14:35:57+00:00\",\"breadcrumb\":{\"@id\":\"https:\\\/\\\/www.swiss-aquatics.ch\\\/fr\\\/ehrenmitglied-ehrenpraesident-hans-ulrich-schweizer-besucht-geschaeftsstelle-in-ittigen\\\/#breadcrumb\"},\"inLanguage\":\"fr-FR\",\"potentialAction\":[{\"@type\":\"ReadAction\",\"target\":[\"https:\\\/\\\/www.swiss-aquatics.ch\\\/fr\\\/ehrenmitglied-ehrenpraesident-hans-ulrich-schweizer-besucht-geschaeftsstelle-in-ittigen\\\/\"]}]},{\"@type\":\"ImageObject\",\"inLanguage\":\"fr-FR\",\"@id\":\"https:\\\/\\\/www.swiss-aquatics.ch\\\/fr\\\/ehrenmitglied-ehrenpraesident-hans-ulrich-schweizer-besucht-geschaeftsstelle-in-ittigen\\\/#primaryimage\",\"url\":\"https:\\\/\\\/www.swiss-aquatics.ch\\\/wp-content\\\/uploads\\\/2022\\\/03\\\/Team_u_HuSch_2022_DSC4589-scaled.jpg\",\"contentUrl\":\"https:\\\/\\\/www.swiss-aquatics.ch\\\/wp-content\\\/uploads\\\/2022\\\/03\\\/Team_u_HuSch_2022_DSC4589-scaled.jpg\",\"width\":2560,\"height\":1709,\"caption\":\"Gesch\u00e4ftsstelle Swiss Aquatics mit Ehrenpr\u00e4sident Hans Ulrich Schweizer, Ittigen, 2022 (Photo by Andrea Rudin)\"},{\"@type\":\"BreadcrumbList\",\"@id\":\"https:\\\/\\\/www.swiss-aquatics.ch\\\/fr\\\/ehrenmitglied-ehrenpraesident-hans-ulrich-schweizer-besucht-geschaeftsstelle-in-ittigen\\\/#breadcrumb\",\"itemListElement\":[{\"@type\":\"ListItem\",\"position\":1,\"name\":\"Page d'accueil\",\"item\":\"https:\\\/\\\/www.swiss-aquatics.ch\\\/fr\\\/\"},{\"@type\":\"ListItem\",\"position\":2,\"name\":\"HANS-ULRICH SCHWEI\u00adZER, MEMBRE D\u2019HON\u00adNEUR &amp; PR\u00c9\u00adSI\u00adDENT D\u2019HON\u00adNEUR, REND VISI\u00adTE AU SECR\u00c9\u00adTA\u00adRI\u00adAT G\u00c9N\u00c9\u00adRAL D\u2019ITTIGEN\"}]},{\"@type\":\"WebSite\",\"@id\":\"https:\\\/\\\/www.swiss-aquatics.ch\\\/fr\\\/#website\",\"url\":\"https:\\\/\\\/www.swiss-aquatics.ch\\\/fr\\\/\",\"name\":\"Swiss Aquatics\",\"description\":\"\",\"publisher\":{\"@id\":\"https:\\\/\\\/www.swiss-aquatics.ch\\\/fr\\\/#organization\"},\"potentialAction\":[{\"@type\":\"SearchAction\",\"target\":{\"@type\":\"EntryPoint\",\"urlTemplate\":\"https:\\\/\\\/www.swiss-aquatics.ch\\\/fr\\\/?s={search_term_string}\"},\"query-input\":{\"@type\":\"PropertyValueSpecification\",\"valueRequired\":true,\"valueName\":\"search_term_string\"}}],\"inLanguage\":\"fr-FR\"},{\"@type\":\"Organization\",\"@id\":\"https:\\\/\\\/www.swiss-aquatics.ch\\\/fr\\\/#organization\",\"name\":\"Swiss Aquatics\",\"url\":\"https:\\\/\\\/www.swiss-aquatics.ch\\\/fr\\\/\",\"logo\":{\"@type\":\"ImageObject\",\"inLanguage\":\"fr-FR\",\"@id\":\"https:\\\/\\\/www.swiss-aquatics.ch\\\/fr\\\/#\\\/schema\\\/logo\\\/image\\\/\",\"url\":\"https:\\\/\\\/www.swiss-aquatics.ch\\\/wp-content\\\/uploads\\\/2020\\\/12\\\/logo.png\",\"contentUrl\":\"https:\\\/\\\/www.swiss-aquatics.ch\\\/wp-content\\\/uploads\\\/2020\\\/12\\\/logo.png\",\"width\":580,\"height\":58,\"caption\":\"Swiss Aquatics\"},\"image\":{\"@id\":\"https:\\\/\\\/www.swiss-aquatics.ch\\\/fr\\\/#\\\/schema\\\/logo\\\/image\\\/\"}},{\"@type\":\"Person\",\"@id\":\"https:\\\/\\\/www.swiss-aquatics.ch\\\/fr\\\/#\\\/schema\\\/person\\\/0f9b4ef32f528ad26649c6b34725ac76\",\"name\":\"C\u00e9line Pfeiffer\",\"image\":{\"@type\":\"ImageObject\",\"inLanguage\":\"fr-FR\",\"@id\":\"https:\\\/\\\/secure.gravatar.com\\\/avatar\\\/3d5697c727e2039bfbd16601aeba47d8b08a55a8722b845b9d417b76a91a5e50?s=96&d=mm&r=g\",\"url\":\"https:\\\/\\\/secure.gravatar.com\\\/avatar\\\/3d5697c727e2039bfbd16601aeba47d8b08a55a8722b845b9d417b76a91a5e50?s=96&d=mm&r=g\",\"contentUrl\":\"https:\\\/\\\/secure.gravatar.com\\\/avatar\\\/3d5697c727e2039bfbd16601aeba47d8b08a55a8722b845b9d417b76a91a5e50?s=96&d=mm&r=g\",\"caption\":\"C\u00e9line Pfeiffer\"}}]}<\/script>\n<!-- \/ Yoast SEO plugin. -->","yoast_head_json":{"title":"HANS-ULRICH SCHWEIZER, MEMBRE D'HONNEUR & PR\u00c9SIDENT D'HONNEUR, REND VISITE AU SECR\u00c9TARIAT G\u00c9N\u00c9RAL D'ITTIGEN - Swiss Aquatics","robots":{"index":"index","follow":"follow","max-snippet":"max-snippet:-1","max-image-preview":"max-image-preview:large","max-video-preview":"max-video-preview:-1"},"canonical":"https:\/\/www.swiss-aquatics.ch\/fr\/ehrenmitglied-ehrenpraesident-hans-ulrich-schweizer-besucht-geschaeftsstelle-in-ittigen\/","og_locale":"fr_FR","og_type":"article","og_title":"HANS-ULRICH SCHWEIZER, MEMBRE D'HONNEUR & PR\u00c9SIDENT D'HONNEUR, REND VISITE AU SECR\u00c9TARIAT G\u00c9N\u00c9RAL D'ITTIGEN - Swiss Aquatics","og_url":"https:\/\/www.swiss-aquatics.ch\/fr\/ehrenmitglied-ehrenpraesident-hans-ulrich-schweizer-besucht-geschaeftsstelle-in-ittigen\/","og_site_name":"Swiss Aquatics","article_published_time":"2022-03-08T07:44:04+00:00","article_modified_time":"2022-06-13T14:35:57+00:00","og_image":[{"width":2560,"height":1709,"url":"https:\/\/www.swiss-aquatics.ch\/wp-content\/uploads\/2022\/03\/Team_u_HuSch_2022_DSC4589-scaled.jpg","type":"image\/jpeg"}],"author":"C\u00e9line Pfeiffer","twitter_card":"summary_large_image","twitter_misc":{"\u00c9crit par":"C\u00e9line Pfeiffer"},"schema":{"@context":"https:\/\/schema.org","@graph":[{"@type":"Article","@id":"https:\/\/www.swiss-aquatics.ch\/fr\/ehrenmitglied-ehrenpraesident-hans-ulrich-schweizer-besucht-geschaeftsstelle-in-ittigen\/#article","isPartOf":{"@id":"https:\/\/www.swiss-aquatics.ch\/fr\/ehrenmitglied-ehrenpraesident-hans-ulrich-schweizer-besucht-geschaeftsstelle-in-ittigen\/"},"author":{"name":"C\u00e9line Pfeiffer","@id":"https:\/\/www.swiss-aquatics.ch\/fr\/#\/schema\/person\/0f9b4ef32f528ad26649c6b34725ac76"},"headline":"HANS-ULRICH SCHWEIZER, MEMBRE D&rsquo;HONNEUR &#038; PR\u00c9SIDENT D&rsquo;HONNEUR, REND VISITE AU SECR\u00c9TARIAT G\u00c9N\u00c9RAL D&rsquo;ITTIGEN","datePublished":"2022-03-08T07:44:04+00:00","dateModified":"2022-06-13T14:35:57+00:00","mainEntityOfPage":{"@id":"https:\/\/www.swiss-aquatics.ch\/fr\/ehrenmitglied-ehrenpraesident-hans-ulrich-schweizer-besucht-geschaeftsstelle-in-ittigen\/"},"wordCount":19,"publisher":{"@id":"https:\/\/www.swiss-aquatics.ch\/fr\/#organization"},"image":{"@id":"https:\/\/www.swiss-aquatics.ch\/fr\/ehrenmitglied-ehrenpraesident-hans-ulrich-schweizer-besucht-geschaeftsstelle-in-ittigen\/#primaryimage"},"thumbnailUrl":"https:\/\/www.swiss-aquatics.ch\/wp-content\/uploads\/2022\/03\/Team_u_HuSch_2022_DSC4589-scaled.jpg","articleSection":["F\u00e9d\u00e9ration"],"inLanguage":"fr-FR"},{"@type":"WebPage","@id":"https:\/\/www.swiss-aquatics.ch\/fr\/ehrenmitglied-ehrenpraesident-hans-ulrich-schweizer-besucht-geschaeftsstelle-in-ittigen\/","url":"https:\/\/www.swiss-aquatics.ch\/fr\/ehrenmitglied-ehrenpraesident-hans-ulrich-schweizer-besucht-geschaeftsstelle-in-ittigen\/","name":"HANS-ULRICH SCHWEIZER, MEMBRE D'HONNEUR & PR\u00c9SIDENT D'HONNEUR, REND VISITE AU SECR\u00c9TARIAT G\u00c9N\u00c9RAL D'ITTIGEN - Swiss Aquatics","isPartOf":{"@id":"https:\/\/www.swiss-aquatics.ch\/fr\/#website"},"primaryImageOfPage":{"@id":"https:\/\/www.swiss-aquatics.ch\/fr\/ehrenmitglied-ehrenpraesident-hans-ulrich-schweizer-besucht-geschaeftsstelle-in-ittigen\/#primaryimage"},"image":{"@id":"https:\/\/www.swiss-aquatics.ch\/fr\/ehrenmitglied-ehrenpraesident-hans-ulrich-schweizer-besucht-geschaeftsstelle-in-ittigen\/#primaryimage"},"thumbnailUrl":"https:\/\/www.swiss-aquatics.ch\/wp-content\/uploads\/2022\/03\/Team_u_HuSch_2022_DSC4589-scaled.jpg","datePublished":"2022-03-08T07:44:04+00:00","dateModified":"2022-06-13T14:35:57+00:00","breadcrumb":{"@id":"https:\/\/www.swiss-aquatics.ch\/fr\/ehrenmitglied-ehrenpraesident-hans-ulrich-schweizer-besucht-geschaeftsstelle-in-ittigen\/#breadcrumb"},"inLanguage":"fr-FR","potentialAction":[{"@type":"ReadAction","target":["https:\/\/www.swiss-aquatics.ch\/fr\/ehrenmitglied-ehrenpraesident-hans-ulrich-schweizer-besucht-geschaeftsstelle-in-ittigen\/"]}]},{"@type":"ImageObject","inLanguage":"fr-FR","@id":"https:\/\/www.swiss-aquatics.ch\/fr\/ehrenmitglied-ehrenpraesident-hans-ulrich-schweizer-besucht-geschaeftsstelle-in-ittigen\/#primaryimage","url":"https:\/\/www.swiss-aquatics.ch\/wp-content\/uploads\/2022\/03\/Team_u_HuSch_2022_DSC4589-scaled.jpg","contentUrl":"https:\/\/www.swiss-aquatics.ch\/wp-content\/uploads\/2022\/03\/Team_u_HuSch_2022_DSC4589-scaled.jpg","width":2560,"height":1709,"caption":"Gesch\u00e4ftsstelle Swiss Aquatics mit Ehrenpr\u00e4sident Hans Ulrich Schweizer, Ittigen, 2022 (Photo by Andrea Rudin)"},{"@type":"BreadcrumbList","@id":"https:\/\/www.swiss-aquatics.ch\/fr\/ehrenmitglied-ehrenpraesident-hans-ulrich-schweizer-besucht-geschaeftsstelle-in-ittigen\/#breadcrumb","itemListElement":[{"@type":"ListItem","position":1,"name":"Page d'accueil","item":"https:\/\/www.swiss-aquatics.ch\/fr\/"},{"@type":"ListItem","position":2,"name":"HANS-ULRICH SCHWEI\u00adZER, MEMBRE D\u2019HON\u00adNEUR &amp; PR\u00c9\u00adSI\u00adDENT D\u2019HON\u00adNEUR, REND VISI\u00adTE AU SECR\u00c9\u00adTA\u00adRI\u00adAT G\u00c9N\u00c9\u00adRAL D\u2019ITTIGEN"}]},{"@type":"WebSite","@id":"https:\/\/www.swiss-aquatics.ch\/fr\/#website","url":"https:\/\/www.swiss-aquatics.ch\/fr\/","name":"Swiss Aquatics","description":"","publisher":{"@id":"https:\/\/www.swiss-aquatics.ch\/fr\/#organization"},"potentialAction":[{"@type":"SearchAction","target":{"@type":"EntryPoint","urlTemplate":"https:\/\/www.swiss-aquatics.ch\/fr\/?s={search_term_string}"},"query-input":{"@type":"PropertyValueSpecification","valueRequired":true,"valueName":"search_term_string"}}],"inLanguage":"fr-FR"},{"@type":"Organization","@id":"https:\/\/www.swiss-aquatics.ch\/fr\/#organization","name":"Swiss Aquatics","url":"https:\/\/www.swiss-aquatics.ch\/fr\/","logo":{"@type":"ImageObject","inLanguage":"fr-FR","@id":"https:\/\/www.swiss-aquatics.ch\/fr\/#\/schema\/logo\/image\/","url":"https:\/\/www.swiss-aquatics.ch\/wp-content\/uploads\/2020\/12\/logo.png","contentUrl":"https:\/\/www.swiss-aquatics.ch\/wp-content\/uploads\/2020\/12\/logo.png","width":580,"height":58,"caption":"Swiss Aquatics"},"image":{"@id":"https:\/\/www.swiss-aquatics.ch\/fr\/#\/schema\/logo\/image\/"}},{"@type":"Person","@id":"https:\/\/www.swiss-aquatics.ch\/fr\/#\/schema\/person\/0f9b4ef32f528ad26649c6b34725ac76","name":"C\u00e9line Pfeiffer","image":{"@type":"ImageObject","inLanguage":"fr-FR","@id":"https:\/\/secure.gravatar.com\/avatar\/3d5697c727e2039bfbd16601aeba47d8b08a55a8722b845b9d417b76a91a5e50?s=96&d=mm&r=g","url":"https:\/\/secure.gravatar.com\/avatar\/3d5697c727e2039bfbd16601aeba47d8b08a55a8722b845b9d417b76a91a5e50?s=96&d=mm&r=g","contentUrl":"https:\/\/secure.gravatar.com\/avatar\/3d5697c727e2039bfbd16601aeba47d8b08a55a8722b845b9d417b76a91a5e50?s=96&d=mm&r=g","caption":"C\u00e9line Pfeiffer"}}]}},"_links":{"self":[{"href":"https:\/\/www.swiss-aquatics.ch\/fr\/wp-json\/wp\/v2\/posts\/33354","targetHints":{"allow":["GET"]}}],"collection":[{"href":"https:\/\/www.swiss-aquatics.ch\/fr\/wp-json\/wp\/v2\/posts"}],"about":[{"href":"https:\/\/www.swiss-aquatics.ch\/fr\/wp-json\/wp\/v2\/types\/post"}],"author":[{"embeddable":true,"href":"https:\/\/www.swiss-aquatics.ch\/fr\/wp-json\/wp\/v2\/users\/2"}],"replies":[{"embeddable":true,"href":"https:\/\/www.swiss-aquatics.ch\/fr\/wp-json\/wp\/v2\/comments?post=33354"}],"version-history":[{"count":3,"href":"https:\/\/www.swiss-aquatics.ch\/fr\/wp-json\/wp\/v2\/posts\/33354\/revisions"}],"predecessor-version":[{"id":33361,"href":"https:\/\/www.swiss-aquatics.ch\/fr\/wp-json\/wp\/v2\/posts\/33354\/revisions\/33361"}],"wp:featuredmedia":[{"embeddable":true,"href":"https:\/\/www.swiss-aquatics.ch\/fr\/wp-json\/wp\/v2\/media\/33344"}],"wp:attachment":[{"href":"https:\/\/www.swiss-aquatics.ch\/fr\/wp-json\/wp\/v2\/media?parent=33354"}],"wp:term":[{"taxonomy":"category","embeddable":true,"href":"https:\/\/www.swiss-aquatics.ch\/fr\/wp-json\/wp\/v2\/categories?post=33354"},{"taxonomy":"post_tag","embeddable":true,"href":"https:\/\/www.swiss-aquatics.ch\/fr\/wp-json\/wp\/v2\/tags?post=33354"}],"curies":[{"name":"wp","href":"https:\/\/api.w.org\/{rel}","templated":true}]}}