{"id":40992,"date":"2022-07-21T23:42:49","date_gmt":"2022-07-21T21:42:49","guid":{"rendered":"https:\/\/www.swiss-aquatics.ch\/?p=40992"},"modified":"2022-07-25T10:55:12","modified_gmt":"2022-07-25T08:55:12","slug":"presentation-du-festival-olympique-de-la-jeunesse-europeenne-a-banska-bystrica","status":"publish","type":"post","link":"https:\/\/www.swiss-aquatics.ch\/fr\/presentation-du-festival-olympique-de-la-jeunesse-europeenne-a-banska-bystrica\/","title":{"rendered":"Pr\u00e9sentation du Festival olympique de la jeunesse europ\u00e9enne \u00e0 Banska Bystrica"},"content":{"rendered":"","protected":false},"excerpt":{"rendered":"","protected":false},"author":35,"featured_media":41077,"comment_status":"closed","ping_status":"closed","sticky":false,"template":"","format":"standard","meta":{"_acf_changed":false,"footnotes":""},"categories":[2,30],"tags":[],"class_list":["post-40992","post","type-post","status-publish","format-standard","has-post-thumbnail","hentry","category-federation","category-swimming-fr"],"acf":[],"yoast_head":"<!-- This site is optimized with the Yoast SEO plugin v27.5 - https:\/\/yoast.com\/product\/yoast-seo-wordpress\/ -->\n<title>Pr\u00e9sentation du Festival olympique de la jeunesse europ\u00e9enne \u00e0 Banska Bystrica - Swiss Aquatics<\/title>\n<meta name=\"robots\" content=\"index, follow, max-snippet:-1, max-image-preview:large, max-video-preview:-1\" \/>\n<link rel=\"canonical\" href=\"https:\/\/www.swiss-aquatics.ch\/fr\/presentation-du-festival-olympique-de-la-jeunesse-europeenne-a-banska-bystrica\/\" \/>\n<meta property=\"og:locale\" content=\"fr_FR\" \/>\n<meta property=\"og:type\" content=\"article\" \/>\n<meta property=\"og:title\" content=\"Pr\u00e9sentation du Festival olympique de la jeunesse europ\u00e9enne \u00e0 Banska Bystrica - Swiss Aquatics\" \/>\n<meta property=\"og:url\" content=\"https:\/\/www.swiss-aquatics.ch\/fr\/presentation-du-festival-olympique-de-la-jeunesse-europeenne-a-banska-bystrica\/\" \/>\n<meta property=\"og:site_name\" content=\"Swiss Aquatics\" \/>\n<meta property=\"article:published_time\" content=\"2022-07-21T21:42:49+00:00\" \/>\n<meta property=\"article:modified_time\" content=\"2022-07-25T08:55:12+00:00\" \/>\n<meta property=\"og:image\" content=\"https:\/\/www.swiss-aquatics.ch\/wp-content\/uploads\/2022\/07\/Banska_Zeichenflaeche-1.jpg\" \/>\n\t<meta property=\"og:image:width\" content=\"1250\" \/>\n\t<meta property=\"og:image:height\" content=\"1250\" \/>\n\t<meta property=\"og:image:type\" content=\"image\/jpeg\" \/>\n<meta name=\"author\" content=\"Tanja Moos\" \/>\n<meta name=\"twitter:card\" content=\"summary_large_image\" \/>\n<meta name=\"twitter:label1\" content=\"\u00c9crit par\" \/>\n\t<meta name=\"twitter:data1\" content=\"Tanja Moos\" \/>\n<script type=\"application\/ld+json\" class=\"yoast-schema-graph\">{\"@context\":\"https:\\\/\\\/schema.org\",\"@graph\":[{\"@type\":\"Article\",\"@id\":\"https:\\\/\\\/www.swiss-aquatics.ch\\\/fr\\\/presentation-du-festival-olympique-de-la-jeunesse-europeenne-a-banska-bystrica\\\/#article\",\"isPartOf\":{\"@id\":\"https:\\\/\\\/www.swiss-aquatics.ch\\\/fr\\\/presentation-du-festival-olympique-de-la-jeunesse-europeenne-a-banska-bystrica\\\/\"},\"author\":{\"name\":\"Tanja Moos\",\"@id\":\"https:\\\/\\\/www.swiss-aquatics.ch\\\/fr\\\/#\\\/schema\\\/person\\\/c801433ab0f13da45b04178db3b9e739\"},\"headline\":\"Pr\u00e9sentation du Festival olympique de la jeunesse europ\u00e9enne \u00e0 Banska Bystrica\",\"datePublished\":\"2022-07-21T21:42:49+00:00\",\"dateModified\":\"2022-07-25T08:55:12+00:00\",\"mainEntityOfPage\":{\"@id\":\"https:\\\/\\\/www.swiss-aquatics.ch\\\/fr\\\/presentation-du-festival-olympique-de-la-jeunesse-europeenne-a-banska-bystrica\\\/\"},\"wordCount\":12,\"publisher\":{\"@id\":\"https:\\\/\\\/www.swiss-aquatics.ch\\\/fr\\\/#organization\"},\"image\":{\"@id\":\"https:\\\/\\\/www.swiss-aquatics.ch\\\/fr\\\/presentation-du-festival-olympique-de-la-jeunesse-europeenne-a-banska-bystrica\\\/#primaryimage\"},\"thumbnailUrl\":\"https:\\\/\\\/www.swiss-aquatics.ch\\\/wp-content\\\/uploads\\\/2022\\\/07\\\/Banska_Zeichenflaeche-1.jpg\",\"articleSection\":[\"F\u00e9d\u00e9ration\",\"Swimming\"],\"inLanguage\":\"fr-FR\"},{\"@type\":\"WebPage\",\"@id\":\"https:\\\/\\\/www.swiss-aquatics.ch\\\/fr\\\/presentation-du-festival-olympique-de-la-jeunesse-europeenne-a-banska-bystrica\\\/\",\"url\":\"https:\\\/\\\/www.swiss-aquatics.ch\\\/fr\\\/presentation-du-festival-olympique-de-la-jeunesse-europeenne-a-banska-bystrica\\\/\",\"name\":\"Pr\u00e9sentation du Festival olympique de la jeunesse europ\u00e9enne \u00e0 Banska Bystrica - Swiss Aquatics\",\"isPartOf\":{\"@id\":\"https:\\\/\\\/www.swiss-aquatics.ch\\\/fr\\\/#website\"},\"primaryImageOfPage\":{\"@id\":\"https:\\\/\\\/www.swiss-aquatics.ch\\\/fr\\\/presentation-du-festival-olympique-de-la-jeunesse-europeenne-a-banska-bystrica\\\/#primaryimage\"},\"image\":{\"@id\":\"https:\\\/\\\/www.swiss-aquatics.ch\\\/fr\\\/presentation-du-festival-olympique-de-la-jeunesse-europeenne-a-banska-bystrica\\\/#primaryimage\"},\"thumbnailUrl\":\"https:\\\/\\\/www.swiss-aquatics.ch\\\/wp-content\\\/uploads\\\/2022\\\/07\\\/Banska_Zeichenflaeche-1.jpg\",\"datePublished\":\"2022-07-21T21:42:49+00:00\",\"dateModified\":\"2022-07-25T08:55:12+00:00\",\"breadcrumb\":{\"@id\":\"https:\\\/\\\/www.swiss-aquatics.ch\\\/fr\\\/presentation-du-festival-olympique-de-la-jeunesse-europeenne-a-banska-bystrica\\\/#breadcrumb\"},\"inLanguage\":\"fr-FR\",\"potentialAction\":[{\"@type\":\"ReadAction\",\"target\":[\"https:\\\/\\\/www.swiss-aquatics.ch\\\/fr\\\/presentation-du-festival-olympique-de-la-jeunesse-europeenne-a-banska-bystrica\\\/\"]}]},{\"@type\":\"ImageObject\",\"inLanguage\":\"fr-FR\",\"@id\":\"https:\\\/\\\/www.swiss-aquatics.ch\\\/fr\\\/presentation-du-festival-olympique-de-la-jeunesse-europeenne-a-banska-bystrica\\\/#primaryimage\",\"url\":\"https:\\\/\\\/www.swiss-aquatics.ch\\\/wp-content\\\/uploads\\\/2022\\\/07\\\/Banska_Zeichenflaeche-1.jpg\",\"contentUrl\":\"https:\\\/\\\/www.swiss-aquatics.ch\\\/wp-content\\\/uploads\\\/2022\\\/07\\\/Banska_Zeichenflaeche-1.jpg\",\"width\":1250,\"height\":1250},{\"@type\":\"BreadcrumbList\",\"@id\":\"https:\\\/\\\/www.swiss-aquatics.ch\\\/fr\\\/presentation-du-festival-olympique-de-la-jeunesse-europeenne-a-banska-bystrica\\\/#breadcrumb\",\"itemListElement\":[{\"@type\":\"ListItem\",\"position\":1,\"name\":\"Page d'accueil\",\"item\":\"https:\\\/\\\/www.swiss-aquatics.ch\\\/fr\\\/\"},{\"@type\":\"ListItem\",\"position\":2,\"name\":\"Pr\u00e9\u00adsen\u00adta\u00adti\u00adon du Fes\u00adti\u00adval olym\u00adpi\u00adque de la jeu\u00adnesse euro\u00adp\u00e9\u00aden\u00adne \u00e0 Bans\u00adka Bystrica\"}]},{\"@type\":\"WebSite\",\"@id\":\"https:\\\/\\\/www.swiss-aquatics.ch\\\/fr\\\/#website\",\"url\":\"https:\\\/\\\/www.swiss-aquatics.ch\\\/fr\\\/\",\"name\":\"Swiss Aquatics\",\"description\":\"\",\"publisher\":{\"@id\":\"https:\\\/\\\/www.swiss-aquatics.ch\\\/fr\\\/#organization\"},\"potentialAction\":[{\"@type\":\"SearchAction\",\"target\":{\"@type\":\"EntryPoint\",\"urlTemplate\":\"https:\\\/\\\/www.swiss-aquatics.ch\\\/fr\\\/?s={search_term_string}\"},\"query-input\":{\"@type\":\"PropertyValueSpecification\",\"valueRequired\":true,\"valueName\":\"search_term_string\"}}],\"inLanguage\":\"fr-FR\"},{\"@type\":\"Organization\",\"@id\":\"https:\\\/\\\/www.swiss-aquatics.ch\\\/fr\\\/#organization\",\"name\":\"Swiss Aquatics\",\"url\":\"https:\\\/\\\/www.swiss-aquatics.ch\\\/fr\\\/\",\"logo\":{\"@type\":\"ImageObject\",\"inLanguage\":\"fr-FR\",\"@id\":\"https:\\\/\\\/www.swiss-aquatics.ch\\\/fr\\\/#\\\/schema\\\/logo\\\/image\\\/\",\"url\":\"https:\\\/\\\/www.swiss-aquatics.ch\\\/wp-content\\\/uploads\\\/2020\\\/12\\\/logo.png\",\"contentUrl\":\"https:\\\/\\\/www.swiss-aquatics.ch\\\/wp-content\\\/uploads\\\/2020\\\/12\\\/logo.png\",\"width\":580,\"height\":58,\"caption\":\"Swiss Aquatics\"},\"image\":{\"@id\":\"https:\\\/\\\/www.swiss-aquatics.ch\\\/fr\\\/#\\\/schema\\\/logo\\\/image\\\/\"}},{\"@type\":\"Person\",\"@id\":\"https:\\\/\\\/www.swiss-aquatics.ch\\\/fr\\\/#\\\/schema\\\/person\\\/c801433ab0f13da45b04178db3b9e739\",\"name\":\"Tanja Moos\",\"image\":{\"@type\":\"ImageObject\",\"inLanguage\":\"fr-FR\",\"@id\":\"https:\\\/\\\/secure.gravatar.com\\\/avatar\\\/ad7845859efe81fad0bc8561449016d7d512fdf97acf210c0691fc436e965f5c?s=96&d=mm&r=g\",\"url\":\"https:\\\/\\\/secure.gravatar.com\\\/avatar\\\/ad7845859efe81fad0bc8561449016d7d512fdf97acf210c0691fc436e965f5c?s=96&d=mm&r=g\",\"contentUrl\":\"https:\\\/\\\/secure.gravatar.com\\\/avatar\\\/ad7845859efe81fad0bc8561449016d7d512fdf97acf210c0691fc436e965f5c?s=96&d=mm&r=g\",\"caption\":\"Tanja Moos\"}}]}<\/script>\n<!-- \/ Yoast SEO plugin. -->","yoast_head_json":{"title":"Pr\u00e9sentation du Festival olympique de la jeunesse europ\u00e9enne \u00e0 Banska Bystrica - Swiss Aquatics","robots":{"index":"index","follow":"follow","max-snippet":"max-snippet:-1","max-image-preview":"max-image-preview:large","max-video-preview":"max-video-preview:-1"},"canonical":"https:\/\/www.swiss-aquatics.ch\/fr\/presentation-du-festival-olympique-de-la-jeunesse-europeenne-a-banska-bystrica\/","og_locale":"fr_FR","og_type":"article","og_title":"Pr\u00e9sentation du Festival olympique de la jeunesse europ\u00e9enne \u00e0 Banska Bystrica - Swiss Aquatics","og_url":"https:\/\/www.swiss-aquatics.ch\/fr\/presentation-du-festival-olympique-de-la-jeunesse-europeenne-a-banska-bystrica\/","og_site_name":"Swiss Aquatics","article_published_time":"2022-07-21T21:42:49+00:00","article_modified_time":"2022-07-25T08:55:12+00:00","og_image":[{"width":1250,"height":1250,"url":"https:\/\/www.swiss-aquatics.ch\/wp-content\/uploads\/2022\/07\/Banska_Zeichenflaeche-1.jpg","type":"image\/jpeg"}],"author":"Tanja Moos","twitter_card":"summary_large_image","twitter_misc":{"\u00c9crit par":"Tanja Moos"},"schema":{"@context":"https:\/\/schema.org","@graph":[{"@type":"Article","@id":"https:\/\/www.swiss-aquatics.ch\/fr\/presentation-du-festival-olympique-de-la-jeunesse-europeenne-a-banska-bystrica\/#article","isPartOf":{"@id":"https:\/\/www.swiss-aquatics.ch\/fr\/presentation-du-festival-olympique-de-la-jeunesse-europeenne-a-banska-bystrica\/"},"author":{"name":"Tanja Moos","@id":"https:\/\/www.swiss-aquatics.ch\/fr\/#\/schema\/person\/c801433ab0f13da45b04178db3b9e739"},"headline":"Pr\u00e9sentation du Festival olympique de la jeunesse europ\u00e9enne \u00e0 Banska Bystrica","datePublished":"2022-07-21T21:42:49+00:00","dateModified":"2022-07-25T08:55:12+00:00","mainEntityOfPage":{"@id":"https:\/\/www.swiss-aquatics.ch\/fr\/presentation-du-festival-olympique-de-la-jeunesse-europeenne-a-banska-bystrica\/"},"wordCount":12,"publisher":{"@id":"https:\/\/www.swiss-aquatics.ch\/fr\/#organization"},"image":{"@id":"https:\/\/www.swiss-aquatics.ch\/fr\/presentation-du-festival-olympique-de-la-jeunesse-europeenne-a-banska-bystrica\/#primaryimage"},"thumbnailUrl":"https:\/\/www.swiss-aquatics.ch\/wp-content\/uploads\/2022\/07\/Banska_Zeichenflaeche-1.jpg","articleSection":["F\u00e9d\u00e9ration","Swimming"],"inLanguage":"fr-FR"},{"@type":"WebPage","@id":"https:\/\/www.swiss-aquatics.ch\/fr\/presentation-du-festival-olympique-de-la-jeunesse-europeenne-a-banska-bystrica\/","url":"https:\/\/www.swiss-aquatics.ch\/fr\/presentation-du-festival-olympique-de-la-jeunesse-europeenne-a-banska-bystrica\/","name":"Pr\u00e9sentation du Festival olympique de la jeunesse europ\u00e9enne \u00e0 Banska Bystrica - Swiss Aquatics","isPartOf":{"@id":"https:\/\/www.swiss-aquatics.ch\/fr\/#website"},"primaryImageOfPage":{"@id":"https:\/\/www.swiss-aquatics.ch\/fr\/presentation-du-festival-olympique-de-la-jeunesse-europeenne-a-banska-bystrica\/#primaryimage"},"image":{"@id":"https:\/\/www.swiss-aquatics.ch\/fr\/presentation-du-festival-olympique-de-la-jeunesse-europeenne-a-banska-bystrica\/#primaryimage"},"thumbnailUrl":"https:\/\/www.swiss-aquatics.ch\/wp-content\/uploads\/2022\/07\/Banska_Zeichenflaeche-1.jpg","datePublished":"2022-07-21T21:42:49+00:00","dateModified":"2022-07-25T08:55:12+00:00","breadcrumb":{"@id":"https:\/\/www.swiss-aquatics.ch\/fr\/presentation-du-festival-olympique-de-la-jeunesse-europeenne-a-banska-bystrica\/#breadcrumb"},"inLanguage":"fr-FR","potentialAction":[{"@type":"ReadAction","target":["https:\/\/www.swiss-aquatics.ch\/fr\/presentation-du-festival-olympique-de-la-jeunesse-europeenne-a-banska-bystrica\/"]}]},{"@type":"ImageObject","inLanguage":"fr-FR","@id":"https:\/\/www.swiss-aquatics.ch\/fr\/presentation-du-festival-olympique-de-la-jeunesse-europeenne-a-banska-bystrica\/#primaryimage","url":"https:\/\/www.swiss-aquatics.ch\/wp-content\/uploads\/2022\/07\/Banska_Zeichenflaeche-1.jpg","contentUrl":"https:\/\/www.swiss-aquatics.ch\/wp-content\/uploads\/2022\/07\/Banska_Zeichenflaeche-1.jpg","width":1250,"height":1250},{"@type":"BreadcrumbList","@id":"https:\/\/www.swiss-aquatics.ch\/fr\/presentation-du-festival-olympique-de-la-jeunesse-europeenne-a-banska-bystrica\/#breadcrumb","itemListElement":[{"@type":"ListItem","position":1,"name":"Page d'accueil","item":"https:\/\/www.swiss-aquatics.ch\/fr\/"},{"@type":"ListItem","position":2,"name":"Pr\u00e9\u00adsen\u00adta\u00adti\u00adon du Fes\u00adti\u00adval olym\u00adpi\u00adque de la jeu\u00adnesse euro\u00adp\u00e9\u00aden\u00adne \u00e0 Bans\u00adka Bystrica"}]},{"@type":"WebSite","@id":"https:\/\/www.swiss-aquatics.ch\/fr\/#website","url":"https:\/\/www.swiss-aquatics.ch\/fr\/","name":"Swiss Aquatics","description":"","publisher":{"@id":"https:\/\/www.swiss-aquatics.ch\/fr\/#organization"},"potentialAction":[{"@type":"SearchAction","target":{"@type":"EntryPoint","urlTemplate":"https:\/\/www.swiss-aquatics.ch\/fr\/?s={search_term_string}"},"query-input":{"@type":"PropertyValueSpecification","valueRequired":true,"valueName":"search_term_string"}}],"inLanguage":"fr-FR"},{"@type":"Organization","@id":"https:\/\/www.swiss-aquatics.ch\/fr\/#organization","name":"Swiss Aquatics","url":"https:\/\/www.swiss-aquatics.ch\/fr\/","logo":{"@type":"ImageObject","inLanguage":"fr-FR","@id":"https:\/\/www.swiss-aquatics.ch\/fr\/#\/schema\/logo\/image\/","url":"https:\/\/www.swiss-aquatics.ch\/wp-content\/uploads\/2020\/12\/logo.png","contentUrl":"https:\/\/www.swiss-aquatics.ch\/wp-content\/uploads\/2020\/12\/logo.png","width":580,"height":58,"caption":"Swiss Aquatics"},"image":{"@id":"https:\/\/www.swiss-aquatics.ch\/fr\/#\/schema\/logo\/image\/"}},{"@type":"Person","@id":"https:\/\/www.swiss-aquatics.ch\/fr\/#\/schema\/person\/c801433ab0f13da45b04178db3b9e739","name":"Tanja Moos","image":{"@type":"ImageObject","inLanguage":"fr-FR","@id":"https:\/\/secure.gravatar.com\/avatar\/ad7845859efe81fad0bc8561449016d7d512fdf97acf210c0691fc436e965f5c?s=96&d=mm&r=g","url":"https:\/\/secure.gravatar.com\/avatar\/ad7845859efe81fad0bc8561449016d7d512fdf97acf210c0691fc436e965f5c?s=96&d=mm&r=g","contentUrl":"https:\/\/secure.gravatar.com\/avatar\/ad7845859efe81fad0bc8561449016d7d512fdf97acf210c0691fc436e965f5c?s=96&d=mm&r=g","caption":"Tanja Moos"}}]}},"_links":{"self":[{"href":"https:\/\/www.swiss-aquatics.ch\/fr\/wp-json\/wp\/v2\/posts\/40992","targetHints":{"allow":["GET"]}}],"collection":[{"href":"https:\/\/www.swiss-aquatics.ch\/fr\/wp-json\/wp\/v2\/posts"}],"about":[{"href":"https:\/\/www.swiss-aquatics.ch\/fr\/wp-json\/wp\/v2\/types\/post"}],"author":[{"embeddable":true,"href":"https:\/\/www.swiss-aquatics.ch\/fr\/wp-json\/wp\/v2\/users\/35"}],"replies":[{"embeddable":true,"href":"https:\/\/www.swiss-aquatics.ch\/fr\/wp-json\/wp\/v2\/comments?post=40992"}],"version-history":[{"count":4,"href":"https:\/\/www.swiss-aquatics.ch\/fr\/wp-json\/wp\/v2\/posts\/40992\/revisions"}],"predecessor-version":[{"id":41276,"href":"https:\/\/www.swiss-aquatics.ch\/fr\/wp-json\/wp\/v2\/posts\/40992\/revisions\/41276"}],"wp:featuredmedia":[{"embeddable":true,"href":"https:\/\/www.swiss-aquatics.ch\/fr\/wp-json\/wp\/v2\/media\/41077"}],"wp:attachment":[{"href":"https:\/\/www.swiss-aquatics.ch\/fr\/wp-json\/wp\/v2\/media?parent=40992"}],"wp:term":[{"taxonomy":"category","embeddable":true,"href":"https:\/\/www.swiss-aquatics.ch\/fr\/wp-json\/wp\/v2\/categories?post=40992"},{"taxonomy":"post_tag","embeddable":true,"href":"https:\/\/www.swiss-aquatics.ch\/fr\/wp-json\/wp\/v2\/tags?post=40992"}],"curies":[{"name":"wp","href":"https:\/\/api.w.org\/{rel}","templated":true}]}}