{"id":62039,"date":"2023-11-19T17:35:07","date_gmt":"2023-11-19T16:35:07","guid":{"rendered":"https:\/\/www.swiss-aquatics.ch\/?p=62039"},"modified":"2025-05-26T18:06:03","modified_gmt":"2025-05-26T16:06:03","slug":"nouveau-record-de-suisse-pour-roman-mityukov-lors-de-la-troisieme-journee-de-competition","status":"publish","type":"post","link":"https:\/\/www.swiss-aquatics.ch\/fr\/nouveau-record-de-suisse-pour-roman-mityukov-lors-de-la-troisieme-journee-de-competition\/","title":{"rendered":"Nouveau record de Suisse pour Roman Mityukov lors de la troisi\u00e8me journ\u00e9e de comp\u00e9tition !"},"content":{"rendered":"","protected":false},"excerpt":{"rendered":"","protected":false},"author":35,"featured_media":62051,"comment_status":"closed","ping_status":"closed","sticky":false,"template":"","format":"standard","meta":{"_acf_changed":false,"footnotes":""},"categories":[2,30],"tags":[],"class_list":["post-62039","post","type-post","status-publish","format-standard","has-post-thumbnail","hentry","category-federation","category-swimming-fr"],"acf":[],"yoast_head":"<!-- This site is optimized with the Yoast SEO plugin v27.5 - https:\/\/yoast.com\/product\/yoast-seo-wordpress\/ -->\n<title>Nouveau record de Suisse pour Roman Mityukov lors de la troisi\u00e8me journ\u00e9e de comp\u00e9tition ! - Swiss Aquatics<\/title>\n<meta name=\"robots\" content=\"index, follow, max-snippet:-1, max-image-preview:large, max-video-preview:-1\" \/>\n<link rel=\"canonical\" href=\"https:\/\/www.swiss-aquatics.ch\/fr\/nouveau-record-de-suisse-pour-roman-mityukov-lors-de-la-troisieme-journee-de-competition\/\" \/>\n<meta property=\"og:locale\" content=\"fr_FR\" \/>\n<meta property=\"og:type\" content=\"article\" \/>\n<meta property=\"og:title\" content=\"Nouveau record de Suisse pour Roman Mityukov lors de la troisi\u00e8me journ\u00e9e de comp\u00e9tition ! - Swiss Aquatics\" \/>\n<meta property=\"og:url\" content=\"https:\/\/www.swiss-aquatics.ch\/fr\/nouveau-record-de-suisse-pour-roman-mityukov-lors-de-la-troisieme-journee-de-competition\/\" \/>\n<meta property=\"og:site_name\" content=\"Swiss Aquatics\" \/>\n<meta property=\"article:published_time\" content=\"2023-11-19T16:35:07+00:00\" \/>\n<meta property=\"article:modified_time\" content=\"2025-05-26T16:06:03+00:00\" \/>\n<meta property=\"og:image\" content=\"https:\/\/www.swiss-aquatics.ch\/wp-content\/uploads\/2023\/11\/Roman-MITYUKOV_20231119_00057.jpg\" \/>\n\t<meta property=\"og:image:width\" content=\"1500\" \/>\n\t<meta property=\"og:image:height\" content=\"1000\" \/>\n\t<meta property=\"og:image:type\" content=\"image\/jpeg\" \/>\n<meta name=\"author\" content=\"Tanja Moos\" \/>\n<meta name=\"twitter:card\" content=\"summary_large_image\" \/>\n<meta name=\"twitter:label1\" content=\"\u00c9crit par\" \/>\n\t<meta name=\"twitter:data1\" content=\"Tanja Moos\" \/>\n\t<meta name=\"twitter:label2\" content=\"Dur\u00e9e de lecture estim\u00e9e\" \/>\n\t<meta name=\"twitter:data2\" content=\"7 minutes\" \/>\n<script type=\"application\/ld+json\" class=\"yoast-schema-graph\">{\"@context\":\"https:\\\/\\\/schema.org\",\"@graph\":[{\"@type\":\"Article\",\"@id\":\"https:\\\/\\\/www.swiss-aquatics.ch\\\/fr\\\/nouveau-record-de-suisse-pour-roman-mityukov-lors-de-la-troisieme-journee-de-competition\\\/#article\",\"isPartOf\":{\"@id\":\"https:\\\/\\\/www.swiss-aquatics.ch\\\/fr\\\/nouveau-record-de-suisse-pour-roman-mityukov-lors-de-la-troisieme-journee-de-competition\\\/\"},\"author\":{\"name\":\"Tanja Moos\",\"@id\":\"https:\\\/\\\/www.swiss-aquatics.ch\\\/fr\\\/#\\\/schema\\\/person\\\/c801433ab0f13da45b04178db3b9e739\"},\"headline\":\"Nouveau record de Suisse pour Roman Mityukov lors de la troisi\u00e8me journ\u00e9e de comp\u00e9tition !\",\"datePublished\":\"2023-11-19T16:35:07+00:00\",\"dateModified\":\"2025-05-26T16:06:03+00:00\",\"mainEntityOfPage\":{\"@id\":\"https:\\\/\\\/www.swiss-aquatics.ch\\\/fr\\\/nouveau-record-de-suisse-pour-roman-mityukov-lors-de-la-troisieme-journee-de-competition\\\/\"},\"wordCount\":17,\"publisher\":{\"@id\":\"https:\\\/\\\/www.swiss-aquatics.ch\\\/fr\\\/#organization\"},\"image\":{\"@id\":\"https:\\\/\\\/www.swiss-aquatics.ch\\\/fr\\\/nouveau-record-de-suisse-pour-roman-mityukov-lors-de-la-troisieme-journee-de-competition\\\/#primaryimage\"},\"thumbnailUrl\":\"https:\\\/\\\/www.swiss-aquatics.ch\\\/wp-content\\\/uploads\\\/2023\\\/11\\\/Roman-MITYUKOV_20231119_00057.jpg\",\"articleSection\":[\"F\u00e9d\u00e9ration\",\"Swimming\"],\"inLanguage\":\"fr-FR\"},{\"@type\":\"WebPage\",\"@id\":\"https:\\\/\\\/www.swiss-aquatics.ch\\\/fr\\\/nouveau-record-de-suisse-pour-roman-mityukov-lors-de-la-troisieme-journee-de-competition\\\/\",\"url\":\"https:\\\/\\\/www.swiss-aquatics.ch\\\/fr\\\/nouveau-record-de-suisse-pour-roman-mityukov-lors-de-la-troisieme-journee-de-competition\\\/\",\"name\":\"Nouveau record de Suisse pour Roman Mityukov lors de la troisi\u00e8me journ\u00e9e de comp\u00e9tition ! - Swiss Aquatics\",\"isPartOf\":{\"@id\":\"https:\\\/\\\/www.swiss-aquatics.ch\\\/fr\\\/#website\"},\"primaryImageOfPage\":{\"@id\":\"https:\\\/\\\/www.swiss-aquatics.ch\\\/fr\\\/nouveau-record-de-suisse-pour-roman-mityukov-lors-de-la-troisieme-journee-de-competition\\\/#primaryimage\"},\"image\":{\"@id\":\"https:\\\/\\\/www.swiss-aquatics.ch\\\/fr\\\/nouveau-record-de-suisse-pour-roman-mityukov-lors-de-la-troisieme-journee-de-competition\\\/#primaryimage\"},\"thumbnailUrl\":\"https:\\\/\\\/www.swiss-aquatics.ch\\\/wp-content\\\/uploads\\\/2023\\\/11\\\/Roman-MITYUKOV_20231119_00057.jpg\",\"datePublished\":\"2023-11-19T16:35:07+00:00\",\"dateModified\":\"2025-05-26T16:06:03+00:00\",\"breadcrumb\":{\"@id\":\"https:\\\/\\\/www.swiss-aquatics.ch\\\/fr\\\/nouveau-record-de-suisse-pour-roman-mityukov-lors-de-la-troisieme-journee-de-competition\\\/#breadcrumb\"},\"inLanguage\":\"fr-FR\",\"potentialAction\":[{\"@type\":\"ReadAction\",\"target\":[\"https:\\\/\\\/www.swiss-aquatics.ch\\\/fr\\\/nouveau-record-de-suisse-pour-roman-mityukov-lors-de-la-troisieme-journee-de-competition\\\/\"]}]},{\"@type\":\"ImageObject\",\"inLanguage\":\"fr-FR\",\"@id\":\"https:\\\/\\\/www.swiss-aquatics.ch\\\/fr\\\/nouveau-record-de-suisse-pour-roman-mityukov-lors-de-la-troisieme-journee-de-competition\\\/#primaryimage\",\"url\":\"https:\\\/\\\/www.swiss-aquatics.ch\\\/wp-content\\\/uploads\\\/2023\\\/11\\\/Roman-MITYUKOV_20231119_00057.jpg\",\"contentUrl\":\"https:\\\/\\\/www.swiss-aquatics.ch\\\/wp-content\\\/uploads\\\/2023\\\/11\\\/Roman-MITYUKOV_20231119_00057.jpg\",\"width\":1500,\"height\":1000,\"caption\":\"Roman MITYUKOV of Switzerland celebrates a New Swiss Record after winning in the Men's 200m Backstroke Final during the Swiss Short Course Swimming Championships in Uster, Switzerland, Sunday, Nov. 19, 2023. (Photo by Patrick B. Kraemer \\\/ MAGICPBK)\"},{\"@type\":\"BreadcrumbList\",\"@id\":\"https:\\\/\\\/www.swiss-aquatics.ch\\\/fr\\\/nouveau-record-de-suisse-pour-roman-mityukov-lors-de-la-troisieme-journee-de-competition\\\/#breadcrumb\",\"itemListElement\":[{\"@type\":\"ListItem\",\"position\":1,\"name\":\"Page d'accueil\",\"item\":\"https:\\\/\\\/www.swiss-aquatics.ch\\\/fr\\\/\"},{\"@type\":\"ListItem\",\"position\":2,\"name\":\"Nouveau record de Suisse pour Roman Mityukov lors de la troisi\u00e8me journ\u00e9e de comp\u00e9tition !\"}]},{\"@type\":\"WebSite\",\"@id\":\"https:\\\/\\\/www.swiss-aquatics.ch\\\/fr\\\/#website\",\"url\":\"https:\\\/\\\/www.swiss-aquatics.ch\\\/fr\\\/\",\"name\":\"Swiss Aquatics\",\"description\":\"\",\"publisher\":{\"@id\":\"https:\\\/\\\/www.swiss-aquatics.ch\\\/fr\\\/#organization\"},\"potentialAction\":[{\"@type\":\"SearchAction\",\"target\":{\"@type\":\"EntryPoint\",\"urlTemplate\":\"https:\\\/\\\/www.swiss-aquatics.ch\\\/fr\\\/?s={search_term_string}\"},\"query-input\":{\"@type\":\"PropertyValueSpecification\",\"valueRequired\":true,\"valueName\":\"search_term_string\"}}],\"inLanguage\":\"fr-FR\"},{\"@type\":\"Organization\",\"@id\":\"https:\\\/\\\/www.swiss-aquatics.ch\\\/fr\\\/#organization\",\"name\":\"Swiss Aquatics\",\"url\":\"https:\\\/\\\/www.swiss-aquatics.ch\\\/fr\\\/\",\"logo\":{\"@type\":\"ImageObject\",\"inLanguage\":\"fr-FR\",\"@id\":\"https:\\\/\\\/www.swiss-aquatics.ch\\\/fr\\\/#\\\/schema\\\/logo\\\/image\\\/\",\"url\":\"https:\\\/\\\/www.swiss-aquatics.ch\\\/wp-content\\\/uploads\\\/2020\\\/12\\\/logo.png\",\"contentUrl\":\"https:\\\/\\\/www.swiss-aquatics.ch\\\/wp-content\\\/uploads\\\/2020\\\/12\\\/logo.png\",\"width\":580,\"height\":58,\"caption\":\"Swiss Aquatics\"},\"image\":{\"@id\":\"https:\\\/\\\/www.swiss-aquatics.ch\\\/fr\\\/#\\\/schema\\\/logo\\\/image\\\/\"}},{\"@type\":\"Person\",\"@id\":\"https:\\\/\\\/www.swiss-aquatics.ch\\\/fr\\\/#\\\/schema\\\/person\\\/c801433ab0f13da45b04178db3b9e739\",\"name\":\"Tanja Moos\",\"image\":{\"@type\":\"ImageObject\",\"inLanguage\":\"fr-FR\",\"@id\":\"https:\\\/\\\/secure.gravatar.com\\\/avatar\\\/ad7845859efe81fad0bc8561449016d7d512fdf97acf210c0691fc436e965f5c?s=96&d=mm&r=g\",\"url\":\"https:\\\/\\\/secure.gravatar.com\\\/avatar\\\/ad7845859efe81fad0bc8561449016d7d512fdf97acf210c0691fc436e965f5c?s=96&d=mm&r=g\",\"contentUrl\":\"https:\\\/\\\/secure.gravatar.com\\\/avatar\\\/ad7845859efe81fad0bc8561449016d7d512fdf97acf210c0691fc436e965f5c?s=96&d=mm&r=g\",\"caption\":\"Tanja Moos\"}}]}<\/script>\n<!-- \/ Yoast SEO plugin. -->","yoast_head_json":{"title":"Nouveau record de Suisse pour Roman Mityukov lors de la troisi\u00e8me journ\u00e9e de comp\u00e9tition ! - Swiss Aquatics","robots":{"index":"index","follow":"follow","max-snippet":"max-snippet:-1","max-image-preview":"max-image-preview:large","max-video-preview":"max-video-preview:-1"},"canonical":"https:\/\/www.swiss-aquatics.ch\/fr\/nouveau-record-de-suisse-pour-roman-mityukov-lors-de-la-troisieme-journee-de-competition\/","og_locale":"fr_FR","og_type":"article","og_title":"Nouveau record de Suisse pour Roman Mityukov lors de la troisi\u00e8me journ\u00e9e de comp\u00e9tition ! - Swiss Aquatics","og_url":"https:\/\/www.swiss-aquatics.ch\/fr\/nouveau-record-de-suisse-pour-roman-mityukov-lors-de-la-troisieme-journee-de-competition\/","og_site_name":"Swiss Aquatics","article_published_time":"2023-11-19T16:35:07+00:00","article_modified_time":"2025-05-26T16:06:03+00:00","og_image":[{"width":1500,"height":1000,"url":"https:\/\/www.swiss-aquatics.ch\/wp-content\/uploads\/2023\/11\/Roman-MITYUKOV_20231119_00057.jpg","type":"image\/jpeg"}],"author":"Tanja Moos","twitter_card":"summary_large_image","twitter_misc":{"\u00c9crit par":"Tanja Moos","Dur\u00e9e de lecture estim\u00e9e":"7 minutes"},"schema":{"@context":"https:\/\/schema.org","@graph":[{"@type":"Article","@id":"https:\/\/www.swiss-aquatics.ch\/fr\/nouveau-record-de-suisse-pour-roman-mityukov-lors-de-la-troisieme-journee-de-competition\/#article","isPartOf":{"@id":"https:\/\/www.swiss-aquatics.ch\/fr\/nouveau-record-de-suisse-pour-roman-mityukov-lors-de-la-troisieme-journee-de-competition\/"},"author":{"name":"Tanja Moos","@id":"https:\/\/www.swiss-aquatics.ch\/fr\/#\/schema\/person\/c801433ab0f13da45b04178db3b9e739"},"headline":"Nouveau record de Suisse pour Roman Mityukov lors de la troisi\u00e8me journ\u00e9e de comp\u00e9tition !","datePublished":"2023-11-19T16:35:07+00:00","dateModified":"2025-05-26T16:06:03+00:00","mainEntityOfPage":{"@id":"https:\/\/www.swiss-aquatics.ch\/fr\/nouveau-record-de-suisse-pour-roman-mityukov-lors-de-la-troisieme-journee-de-competition\/"},"wordCount":17,"publisher":{"@id":"https:\/\/www.swiss-aquatics.ch\/fr\/#organization"},"image":{"@id":"https:\/\/www.swiss-aquatics.ch\/fr\/nouveau-record-de-suisse-pour-roman-mityukov-lors-de-la-troisieme-journee-de-competition\/#primaryimage"},"thumbnailUrl":"https:\/\/www.swiss-aquatics.ch\/wp-content\/uploads\/2023\/11\/Roman-MITYUKOV_20231119_00057.jpg","articleSection":["F\u00e9d\u00e9ration","Swimming"],"inLanguage":"fr-FR"},{"@type":"WebPage","@id":"https:\/\/www.swiss-aquatics.ch\/fr\/nouveau-record-de-suisse-pour-roman-mityukov-lors-de-la-troisieme-journee-de-competition\/","url":"https:\/\/www.swiss-aquatics.ch\/fr\/nouveau-record-de-suisse-pour-roman-mityukov-lors-de-la-troisieme-journee-de-competition\/","name":"Nouveau record de Suisse pour Roman Mityukov lors de la troisi\u00e8me journ\u00e9e de comp\u00e9tition ! - Swiss Aquatics","isPartOf":{"@id":"https:\/\/www.swiss-aquatics.ch\/fr\/#website"},"primaryImageOfPage":{"@id":"https:\/\/www.swiss-aquatics.ch\/fr\/nouveau-record-de-suisse-pour-roman-mityukov-lors-de-la-troisieme-journee-de-competition\/#primaryimage"},"image":{"@id":"https:\/\/www.swiss-aquatics.ch\/fr\/nouveau-record-de-suisse-pour-roman-mityukov-lors-de-la-troisieme-journee-de-competition\/#primaryimage"},"thumbnailUrl":"https:\/\/www.swiss-aquatics.ch\/wp-content\/uploads\/2023\/11\/Roman-MITYUKOV_20231119_00057.jpg","datePublished":"2023-11-19T16:35:07+00:00","dateModified":"2025-05-26T16:06:03+00:00","breadcrumb":{"@id":"https:\/\/www.swiss-aquatics.ch\/fr\/nouveau-record-de-suisse-pour-roman-mityukov-lors-de-la-troisieme-journee-de-competition\/#breadcrumb"},"inLanguage":"fr-FR","potentialAction":[{"@type":"ReadAction","target":["https:\/\/www.swiss-aquatics.ch\/fr\/nouveau-record-de-suisse-pour-roman-mityukov-lors-de-la-troisieme-journee-de-competition\/"]}]},{"@type":"ImageObject","inLanguage":"fr-FR","@id":"https:\/\/www.swiss-aquatics.ch\/fr\/nouveau-record-de-suisse-pour-roman-mityukov-lors-de-la-troisieme-journee-de-competition\/#primaryimage","url":"https:\/\/www.swiss-aquatics.ch\/wp-content\/uploads\/2023\/11\/Roman-MITYUKOV_20231119_00057.jpg","contentUrl":"https:\/\/www.swiss-aquatics.ch\/wp-content\/uploads\/2023\/11\/Roman-MITYUKOV_20231119_00057.jpg","width":1500,"height":1000,"caption":"Roman MITYUKOV of Switzerland celebrates a New Swiss Record after winning in the Men's 200m Backstroke Final during the Swiss Short Course Swimming Championships in Uster, Switzerland, Sunday, Nov. 19, 2023. (Photo by Patrick B. Kraemer \/ MAGICPBK)"},{"@type":"BreadcrumbList","@id":"https:\/\/www.swiss-aquatics.ch\/fr\/nouveau-record-de-suisse-pour-roman-mityukov-lors-de-la-troisieme-journee-de-competition\/#breadcrumb","itemListElement":[{"@type":"ListItem","position":1,"name":"Page d'accueil","item":"https:\/\/www.swiss-aquatics.ch\/fr\/"},{"@type":"ListItem","position":2,"name":"Nouveau record de Suisse pour Roman Mityukov lors de la troisi\u00e8me journ\u00e9e de comp\u00e9tition !"}]},{"@type":"WebSite","@id":"https:\/\/www.swiss-aquatics.ch\/fr\/#website","url":"https:\/\/www.swiss-aquatics.ch\/fr\/","name":"Swiss Aquatics","description":"","publisher":{"@id":"https:\/\/www.swiss-aquatics.ch\/fr\/#organization"},"potentialAction":[{"@type":"SearchAction","target":{"@type":"EntryPoint","urlTemplate":"https:\/\/www.swiss-aquatics.ch\/fr\/?s={search_term_string}"},"query-input":{"@type":"PropertyValueSpecification","valueRequired":true,"valueName":"search_term_string"}}],"inLanguage":"fr-FR"},{"@type":"Organization","@id":"https:\/\/www.swiss-aquatics.ch\/fr\/#organization","name":"Swiss Aquatics","url":"https:\/\/www.swiss-aquatics.ch\/fr\/","logo":{"@type":"ImageObject","inLanguage":"fr-FR","@id":"https:\/\/www.swiss-aquatics.ch\/fr\/#\/schema\/logo\/image\/","url":"https:\/\/www.swiss-aquatics.ch\/wp-content\/uploads\/2020\/12\/logo.png","contentUrl":"https:\/\/www.swiss-aquatics.ch\/wp-content\/uploads\/2020\/12\/logo.png","width":580,"height":58,"caption":"Swiss Aquatics"},"image":{"@id":"https:\/\/www.swiss-aquatics.ch\/fr\/#\/schema\/logo\/image\/"}},{"@type":"Person","@id":"https:\/\/www.swiss-aquatics.ch\/fr\/#\/schema\/person\/c801433ab0f13da45b04178db3b9e739","name":"Tanja Moos","image":{"@type":"ImageObject","inLanguage":"fr-FR","@id":"https:\/\/secure.gravatar.com\/avatar\/ad7845859efe81fad0bc8561449016d7d512fdf97acf210c0691fc436e965f5c?s=96&d=mm&r=g","url":"https:\/\/secure.gravatar.com\/avatar\/ad7845859efe81fad0bc8561449016d7d512fdf97acf210c0691fc436e965f5c?s=96&d=mm&r=g","contentUrl":"https:\/\/secure.gravatar.com\/avatar\/ad7845859efe81fad0bc8561449016d7d512fdf97acf210c0691fc436e965f5c?s=96&d=mm&r=g","caption":"Tanja Moos"}}]}},"_links":{"self":[{"href":"https:\/\/www.swiss-aquatics.ch\/fr\/wp-json\/wp\/v2\/posts\/62039","targetHints":{"allow":["GET"]}}],"collection":[{"href":"https:\/\/www.swiss-aquatics.ch\/fr\/wp-json\/wp\/v2\/posts"}],"about":[{"href":"https:\/\/www.swiss-aquatics.ch\/fr\/wp-json\/wp\/v2\/types\/post"}],"author":[{"embeddable":true,"href":"https:\/\/www.swiss-aquatics.ch\/fr\/wp-json\/wp\/v2\/users\/35"}],"replies":[{"embeddable":true,"href":"https:\/\/www.swiss-aquatics.ch\/fr\/wp-json\/wp\/v2\/comments?post=62039"}],"version-history":[{"count":7,"href":"https:\/\/www.swiss-aquatics.ch\/fr\/wp-json\/wp\/v2\/posts\/62039\/revisions"}],"predecessor-version":[{"id":84913,"href":"https:\/\/www.swiss-aquatics.ch\/fr\/wp-json\/wp\/v2\/posts\/62039\/revisions\/84913"}],"wp:featuredmedia":[{"embeddable":true,"href":"https:\/\/www.swiss-aquatics.ch\/fr\/wp-json\/wp\/v2\/media\/62051"}],"wp:attachment":[{"href":"https:\/\/www.swiss-aquatics.ch\/fr\/wp-json\/wp\/v2\/media?parent=62039"}],"wp:term":[{"taxonomy":"category","embeddable":true,"href":"https:\/\/www.swiss-aquatics.ch\/fr\/wp-json\/wp\/v2\/categories?post=62039"},{"taxonomy":"post_tag","embeddable":true,"href":"https:\/\/www.swiss-aquatics.ch\/fr\/wp-json\/wp\/v2\/tags?post=62039"}],"curies":[{"name":"wp","href":"https:\/\/api.w.org\/{rel}","templated":true}]}}