{"id":70779,"date":"2024-06-24T10:57:54","date_gmt":"2024-06-24T08:57:54","guid":{"rendered":"https:\/\/www.swiss-aquatics.ch\/?p=70779"},"modified":"2024-06-24T10:57:54","modified_gmt":"2024-06-24T08:57:54","slug":"des-championnats-deurope-denatation-bien-reussis-pour-la-suissese-sont-termine-a-belgrade","status":"publish","type":"post","link":"https:\/\/www.swiss-aquatics.ch\/fr\/des-championnats-deurope-denatation-bien-reussis-pour-la-suissese-sont-termine-a-belgrade\/","title":{"rendered":"Des championnats d&rsquo;Europe denatation bien r\u00e9ussis pour la Suissese sont termin\u00e9 \u00e0 Belgrade"},"content":{"rendered":"","protected":false},"excerpt":{"rendered":"","protected":false},"author":35,"featured_media":70767,"comment_status":"closed","ping_status":"closed","sticky":false,"template":"","format":"standard","meta":{"_acf_changed":false,"footnotes":""},"categories":[2,30],"tags":[],"class_list":["post-70779","post","type-post","status-publish","format-standard","has-post-thumbnail","hentry","category-federation","category-swimming-fr"],"acf":[],"yoast_head":"<!-- This site is optimized with the Yoast SEO plugin v27.5 - https:\/\/yoast.com\/product\/yoast-seo-wordpress\/ -->\n<title>Des championnats d&#039;Europe denatation bien r\u00e9ussis pour la Suissese sont termin\u00e9 \u00e0 Belgrade - Swiss Aquatics<\/title>\n<meta name=\"robots\" content=\"index, follow, max-snippet:-1, max-image-preview:large, max-video-preview:-1\" \/>\n<link rel=\"canonical\" href=\"https:\/\/www.swiss-aquatics.ch\/fr\/des-championnats-deurope-denatation-bien-reussis-pour-la-suissese-sont-termine-a-belgrade\/\" \/>\n<meta property=\"og:locale\" content=\"fr_FR\" \/>\n<meta property=\"og:type\" content=\"article\" \/>\n<meta property=\"og:title\" content=\"Des championnats d&#039;Europe denatation bien r\u00e9ussis pour la Suissese sont termin\u00e9 \u00e0 Belgrade - Swiss Aquatics\" \/>\n<meta property=\"og:url\" content=\"https:\/\/www.swiss-aquatics.ch\/fr\/des-championnats-deurope-denatation-bien-reussis-pour-la-suissese-sont-termine-a-belgrade\/\" \/>\n<meta property=\"og:site_name\" content=\"Swiss Aquatics\" \/>\n<meta property=\"article:published_time\" content=\"2024-06-24T08:57:54+00:00\" \/>\n<meta property=\"og:image\" content=\"https:\/\/www.swiss-aquatics.ch\/wp-content\/uploads\/2024\/06\/Antonio-DJAKOVIC_20240623_05685_a.jpg\" \/>\n\t<meta property=\"og:image:width\" content=\"1500\" \/>\n\t<meta property=\"og:image:height\" content=\"1000\" \/>\n\t<meta property=\"og:image:type\" content=\"image\/jpeg\" \/>\n<meta name=\"author\" content=\"Tanja Moos\" \/>\n<meta name=\"twitter:card\" content=\"summary_large_image\" \/>\n<meta name=\"twitter:label1\" content=\"\u00c9crit par\" \/>\n\t<meta name=\"twitter:data1\" content=\"Tanja Moos\" \/>\n\t<meta name=\"twitter:label2\" content=\"Dur\u00e9e de lecture estim\u00e9e\" \/>\n\t<meta name=\"twitter:data2\" content=\"6 minutes\" \/>\n<script type=\"application\/ld+json\" class=\"yoast-schema-graph\">{\"@context\":\"https:\\\/\\\/schema.org\",\"@graph\":[{\"@type\":\"Article\",\"@id\":\"https:\\\/\\\/www.swiss-aquatics.ch\\\/fr\\\/des-championnats-deurope-denatation-bien-reussis-pour-la-suissese-sont-termine-a-belgrade\\\/#article\",\"isPartOf\":{\"@id\":\"https:\\\/\\\/www.swiss-aquatics.ch\\\/fr\\\/des-championnats-deurope-denatation-bien-reussis-pour-la-suissese-sont-termine-a-belgrade\\\/\"},\"author\":{\"name\":\"Tanja Moos\",\"@id\":\"https:\\\/\\\/www.swiss-aquatics.ch\\\/fr\\\/#\\\/schema\\\/person\\\/c801433ab0f13da45b04178db3b9e739\"},\"headline\":\"Des championnats d&rsquo;Europe denatation bien r\u00e9ussis pour la Suissese sont termin\u00e9 \u00e0 Belgrade\",\"datePublished\":\"2024-06-24T08:57:54+00:00\",\"mainEntityOfPage\":{\"@id\":\"https:\\\/\\\/www.swiss-aquatics.ch\\\/fr\\\/des-championnats-deurope-denatation-bien-reussis-pour-la-suissese-sont-termine-a-belgrade\\\/\"},\"wordCount\":14,\"publisher\":{\"@id\":\"https:\\\/\\\/www.swiss-aquatics.ch\\\/fr\\\/#organization\"},\"image\":{\"@id\":\"https:\\\/\\\/www.swiss-aquatics.ch\\\/fr\\\/des-championnats-deurope-denatation-bien-reussis-pour-la-suissese-sont-termine-a-belgrade\\\/#primaryimage\"},\"thumbnailUrl\":\"https:\\\/\\\/www.swiss-aquatics.ch\\\/wp-content\\\/uploads\\\/2024\\\/06\\\/Antonio-DJAKOVIC_20240623_05685_a.jpg\",\"articleSection\":[\"F\u00e9d\u00e9ration\",\"Swimming\"],\"inLanguage\":\"fr-FR\"},{\"@type\":\"WebPage\",\"@id\":\"https:\\\/\\\/www.swiss-aquatics.ch\\\/fr\\\/des-championnats-deurope-denatation-bien-reussis-pour-la-suissese-sont-termine-a-belgrade\\\/\",\"url\":\"https:\\\/\\\/www.swiss-aquatics.ch\\\/fr\\\/des-championnats-deurope-denatation-bien-reussis-pour-la-suissese-sont-termine-a-belgrade\\\/\",\"name\":\"Des championnats d'Europe denatation bien r\u00e9ussis pour la Suissese sont termin\u00e9 \u00e0 Belgrade - Swiss Aquatics\",\"isPartOf\":{\"@id\":\"https:\\\/\\\/www.swiss-aquatics.ch\\\/fr\\\/#website\"},\"primaryImageOfPage\":{\"@id\":\"https:\\\/\\\/www.swiss-aquatics.ch\\\/fr\\\/des-championnats-deurope-denatation-bien-reussis-pour-la-suissese-sont-termine-a-belgrade\\\/#primaryimage\"},\"image\":{\"@id\":\"https:\\\/\\\/www.swiss-aquatics.ch\\\/fr\\\/des-championnats-deurope-denatation-bien-reussis-pour-la-suissese-sont-termine-a-belgrade\\\/#primaryimage\"},\"thumbnailUrl\":\"https:\\\/\\\/www.swiss-aquatics.ch\\\/wp-content\\\/uploads\\\/2024\\\/06\\\/Antonio-DJAKOVIC_20240623_05685_a.jpg\",\"datePublished\":\"2024-06-24T08:57:54+00:00\",\"breadcrumb\":{\"@id\":\"https:\\\/\\\/www.swiss-aquatics.ch\\\/fr\\\/des-championnats-deurope-denatation-bien-reussis-pour-la-suissese-sont-termine-a-belgrade\\\/#breadcrumb\"},\"inLanguage\":\"fr-FR\",\"potentialAction\":[{\"@type\":\"ReadAction\",\"target\":[\"https:\\\/\\\/www.swiss-aquatics.ch\\\/fr\\\/des-championnats-deurope-denatation-bien-reussis-pour-la-suissese-sont-termine-a-belgrade\\\/\"]}]},{\"@type\":\"ImageObject\",\"inLanguage\":\"fr-FR\",\"@id\":\"https:\\\/\\\/www.swiss-aquatics.ch\\\/fr\\\/des-championnats-deurope-denatation-bien-reussis-pour-la-suissese-sont-termine-a-belgrade\\\/#primaryimage\",\"url\":\"https:\\\/\\\/www.swiss-aquatics.ch\\\/wp-content\\\/uploads\\\/2024\\\/06\\\/Antonio-DJAKOVIC_20240623_05685_a.jpg\",\"contentUrl\":\"https:\\\/\\\/www.swiss-aquatics.ch\\\/wp-content\\\/uploads\\\/2024\\\/06\\\/Antonio-DJAKOVIC_20240623_05685_a.jpg\",\"width\":1500,\"height\":1000,\"caption\":\"Antonio DJAKOVIC of Switzerland poses with his two Bronze medals after finishing third in the Men's 200m and 400m Freestyle Final during the swimming events of the European Aquatics Championships in Belgrade, Serbia, Sunday, June 23, 2024. (Photo by Patrick B. Kraemer \\\/ MAGICPBK)\"},{\"@type\":\"BreadcrumbList\",\"@id\":\"https:\\\/\\\/www.swiss-aquatics.ch\\\/fr\\\/des-championnats-deurope-denatation-bien-reussis-pour-la-suissese-sont-termine-a-belgrade\\\/#breadcrumb\",\"itemListElement\":[{\"@type\":\"ListItem\",\"position\":1,\"name\":\"Page d'accueil\",\"item\":\"https:\\\/\\\/www.swiss-aquatics.ch\\\/fr\\\/\"},{\"@type\":\"ListItem\",\"position\":2,\"name\":\"Des championnats d&#8217;Europe denatation bien r\u00e9ussis pour la Suissese sont termin\u00e9 \u00e0 Belgrade\"}]},{\"@type\":\"WebSite\",\"@id\":\"https:\\\/\\\/www.swiss-aquatics.ch\\\/fr\\\/#website\",\"url\":\"https:\\\/\\\/www.swiss-aquatics.ch\\\/fr\\\/\",\"name\":\"Swiss Aquatics\",\"description\":\"\",\"publisher\":{\"@id\":\"https:\\\/\\\/www.swiss-aquatics.ch\\\/fr\\\/#organization\"},\"potentialAction\":[{\"@type\":\"SearchAction\",\"target\":{\"@type\":\"EntryPoint\",\"urlTemplate\":\"https:\\\/\\\/www.swiss-aquatics.ch\\\/fr\\\/?s={search_term_string}\"},\"query-input\":{\"@type\":\"PropertyValueSpecification\",\"valueRequired\":true,\"valueName\":\"search_term_string\"}}],\"inLanguage\":\"fr-FR\"},{\"@type\":\"Organization\",\"@id\":\"https:\\\/\\\/www.swiss-aquatics.ch\\\/fr\\\/#organization\",\"name\":\"Swiss Aquatics\",\"url\":\"https:\\\/\\\/www.swiss-aquatics.ch\\\/fr\\\/\",\"logo\":{\"@type\":\"ImageObject\",\"inLanguage\":\"fr-FR\",\"@id\":\"https:\\\/\\\/www.swiss-aquatics.ch\\\/fr\\\/#\\\/schema\\\/logo\\\/image\\\/\",\"url\":\"https:\\\/\\\/www.swiss-aquatics.ch\\\/wp-content\\\/uploads\\\/2020\\\/12\\\/logo.png\",\"contentUrl\":\"https:\\\/\\\/www.swiss-aquatics.ch\\\/wp-content\\\/uploads\\\/2020\\\/12\\\/logo.png\",\"width\":580,\"height\":58,\"caption\":\"Swiss Aquatics\"},\"image\":{\"@id\":\"https:\\\/\\\/www.swiss-aquatics.ch\\\/fr\\\/#\\\/schema\\\/logo\\\/image\\\/\"}},{\"@type\":\"Person\",\"@id\":\"https:\\\/\\\/www.swiss-aquatics.ch\\\/fr\\\/#\\\/schema\\\/person\\\/c801433ab0f13da45b04178db3b9e739\",\"name\":\"Tanja Moos\",\"image\":{\"@type\":\"ImageObject\",\"inLanguage\":\"fr-FR\",\"@id\":\"https:\\\/\\\/secure.gravatar.com\\\/avatar\\\/ad7845859efe81fad0bc8561449016d7d512fdf97acf210c0691fc436e965f5c?s=96&d=mm&r=g\",\"url\":\"https:\\\/\\\/secure.gravatar.com\\\/avatar\\\/ad7845859efe81fad0bc8561449016d7d512fdf97acf210c0691fc436e965f5c?s=96&d=mm&r=g\",\"contentUrl\":\"https:\\\/\\\/secure.gravatar.com\\\/avatar\\\/ad7845859efe81fad0bc8561449016d7d512fdf97acf210c0691fc436e965f5c?s=96&d=mm&r=g\",\"caption\":\"Tanja Moos\"}}]}<\/script>\n<!-- \/ Yoast SEO plugin. -->","yoast_head_json":{"title":"Des championnats d'Europe denatation bien r\u00e9ussis pour la Suissese sont termin\u00e9 \u00e0 Belgrade - Swiss Aquatics","robots":{"index":"index","follow":"follow","max-snippet":"max-snippet:-1","max-image-preview":"max-image-preview:large","max-video-preview":"max-video-preview:-1"},"canonical":"https:\/\/www.swiss-aquatics.ch\/fr\/des-championnats-deurope-denatation-bien-reussis-pour-la-suissese-sont-termine-a-belgrade\/","og_locale":"fr_FR","og_type":"article","og_title":"Des championnats d'Europe denatation bien r\u00e9ussis pour la Suissese sont termin\u00e9 \u00e0 Belgrade - Swiss Aquatics","og_url":"https:\/\/www.swiss-aquatics.ch\/fr\/des-championnats-deurope-denatation-bien-reussis-pour-la-suissese-sont-termine-a-belgrade\/","og_site_name":"Swiss Aquatics","article_published_time":"2024-06-24T08:57:54+00:00","og_image":[{"width":1500,"height":1000,"url":"https:\/\/www.swiss-aquatics.ch\/wp-content\/uploads\/2024\/06\/Antonio-DJAKOVIC_20240623_05685_a.jpg","type":"image\/jpeg"}],"author":"Tanja Moos","twitter_card":"summary_large_image","twitter_misc":{"\u00c9crit par":"Tanja Moos","Dur\u00e9e de lecture estim\u00e9e":"6 minutes"},"schema":{"@context":"https:\/\/schema.org","@graph":[{"@type":"Article","@id":"https:\/\/www.swiss-aquatics.ch\/fr\/des-championnats-deurope-denatation-bien-reussis-pour-la-suissese-sont-termine-a-belgrade\/#article","isPartOf":{"@id":"https:\/\/www.swiss-aquatics.ch\/fr\/des-championnats-deurope-denatation-bien-reussis-pour-la-suissese-sont-termine-a-belgrade\/"},"author":{"name":"Tanja Moos","@id":"https:\/\/www.swiss-aquatics.ch\/fr\/#\/schema\/person\/c801433ab0f13da45b04178db3b9e739"},"headline":"Des championnats d&rsquo;Europe denatation bien r\u00e9ussis pour la Suissese sont termin\u00e9 \u00e0 Belgrade","datePublished":"2024-06-24T08:57:54+00:00","mainEntityOfPage":{"@id":"https:\/\/www.swiss-aquatics.ch\/fr\/des-championnats-deurope-denatation-bien-reussis-pour-la-suissese-sont-termine-a-belgrade\/"},"wordCount":14,"publisher":{"@id":"https:\/\/www.swiss-aquatics.ch\/fr\/#organization"},"image":{"@id":"https:\/\/www.swiss-aquatics.ch\/fr\/des-championnats-deurope-denatation-bien-reussis-pour-la-suissese-sont-termine-a-belgrade\/#primaryimage"},"thumbnailUrl":"https:\/\/www.swiss-aquatics.ch\/wp-content\/uploads\/2024\/06\/Antonio-DJAKOVIC_20240623_05685_a.jpg","articleSection":["F\u00e9d\u00e9ration","Swimming"],"inLanguage":"fr-FR"},{"@type":"WebPage","@id":"https:\/\/www.swiss-aquatics.ch\/fr\/des-championnats-deurope-denatation-bien-reussis-pour-la-suissese-sont-termine-a-belgrade\/","url":"https:\/\/www.swiss-aquatics.ch\/fr\/des-championnats-deurope-denatation-bien-reussis-pour-la-suissese-sont-termine-a-belgrade\/","name":"Des championnats d'Europe denatation bien r\u00e9ussis pour la Suissese sont termin\u00e9 \u00e0 Belgrade - Swiss Aquatics","isPartOf":{"@id":"https:\/\/www.swiss-aquatics.ch\/fr\/#website"},"primaryImageOfPage":{"@id":"https:\/\/www.swiss-aquatics.ch\/fr\/des-championnats-deurope-denatation-bien-reussis-pour-la-suissese-sont-termine-a-belgrade\/#primaryimage"},"image":{"@id":"https:\/\/www.swiss-aquatics.ch\/fr\/des-championnats-deurope-denatation-bien-reussis-pour-la-suissese-sont-termine-a-belgrade\/#primaryimage"},"thumbnailUrl":"https:\/\/www.swiss-aquatics.ch\/wp-content\/uploads\/2024\/06\/Antonio-DJAKOVIC_20240623_05685_a.jpg","datePublished":"2024-06-24T08:57:54+00:00","breadcrumb":{"@id":"https:\/\/www.swiss-aquatics.ch\/fr\/des-championnats-deurope-denatation-bien-reussis-pour-la-suissese-sont-termine-a-belgrade\/#breadcrumb"},"inLanguage":"fr-FR","potentialAction":[{"@type":"ReadAction","target":["https:\/\/www.swiss-aquatics.ch\/fr\/des-championnats-deurope-denatation-bien-reussis-pour-la-suissese-sont-termine-a-belgrade\/"]}]},{"@type":"ImageObject","inLanguage":"fr-FR","@id":"https:\/\/www.swiss-aquatics.ch\/fr\/des-championnats-deurope-denatation-bien-reussis-pour-la-suissese-sont-termine-a-belgrade\/#primaryimage","url":"https:\/\/www.swiss-aquatics.ch\/wp-content\/uploads\/2024\/06\/Antonio-DJAKOVIC_20240623_05685_a.jpg","contentUrl":"https:\/\/www.swiss-aquatics.ch\/wp-content\/uploads\/2024\/06\/Antonio-DJAKOVIC_20240623_05685_a.jpg","width":1500,"height":1000,"caption":"Antonio DJAKOVIC of Switzerland poses with his two Bronze medals after finishing third in the Men's 200m and 400m Freestyle Final during the swimming events of the European Aquatics Championships in Belgrade, Serbia, Sunday, June 23, 2024. (Photo by Patrick B. Kraemer \/ MAGICPBK)"},{"@type":"BreadcrumbList","@id":"https:\/\/www.swiss-aquatics.ch\/fr\/des-championnats-deurope-denatation-bien-reussis-pour-la-suissese-sont-termine-a-belgrade\/#breadcrumb","itemListElement":[{"@type":"ListItem","position":1,"name":"Page d'accueil","item":"https:\/\/www.swiss-aquatics.ch\/fr\/"},{"@type":"ListItem","position":2,"name":"Des championnats d&#8217;Europe denatation bien r\u00e9ussis pour la Suissese sont termin\u00e9 \u00e0 Belgrade"}]},{"@type":"WebSite","@id":"https:\/\/www.swiss-aquatics.ch\/fr\/#website","url":"https:\/\/www.swiss-aquatics.ch\/fr\/","name":"Swiss Aquatics","description":"","publisher":{"@id":"https:\/\/www.swiss-aquatics.ch\/fr\/#organization"},"potentialAction":[{"@type":"SearchAction","target":{"@type":"EntryPoint","urlTemplate":"https:\/\/www.swiss-aquatics.ch\/fr\/?s={search_term_string}"},"query-input":{"@type":"PropertyValueSpecification","valueRequired":true,"valueName":"search_term_string"}}],"inLanguage":"fr-FR"},{"@type":"Organization","@id":"https:\/\/www.swiss-aquatics.ch\/fr\/#organization","name":"Swiss Aquatics","url":"https:\/\/www.swiss-aquatics.ch\/fr\/","logo":{"@type":"ImageObject","inLanguage":"fr-FR","@id":"https:\/\/www.swiss-aquatics.ch\/fr\/#\/schema\/logo\/image\/","url":"https:\/\/www.swiss-aquatics.ch\/wp-content\/uploads\/2020\/12\/logo.png","contentUrl":"https:\/\/www.swiss-aquatics.ch\/wp-content\/uploads\/2020\/12\/logo.png","width":580,"height":58,"caption":"Swiss Aquatics"},"image":{"@id":"https:\/\/www.swiss-aquatics.ch\/fr\/#\/schema\/logo\/image\/"}},{"@type":"Person","@id":"https:\/\/www.swiss-aquatics.ch\/fr\/#\/schema\/person\/c801433ab0f13da45b04178db3b9e739","name":"Tanja Moos","image":{"@type":"ImageObject","inLanguage":"fr-FR","@id":"https:\/\/secure.gravatar.com\/avatar\/ad7845859efe81fad0bc8561449016d7d512fdf97acf210c0691fc436e965f5c?s=96&d=mm&r=g","url":"https:\/\/secure.gravatar.com\/avatar\/ad7845859efe81fad0bc8561449016d7d512fdf97acf210c0691fc436e965f5c?s=96&d=mm&r=g","contentUrl":"https:\/\/secure.gravatar.com\/avatar\/ad7845859efe81fad0bc8561449016d7d512fdf97acf210c0691fc436e965f5c?s=96&d=mm&r=g","caption":"Tanja Moos"}}]}},"_links":{"self":[{"href":"https:\/\/www.swiss-aquatics.ch\/fr\/wp-json\/wp\/v2\/posts\/70779","targetHints":{"allow":["GET"]}}],"collection":[{"href":"https:\/\/www.swiss-aquatics.ch\/fr\/wp-json\/wp\/v2\/posts"}],"about":[{"href":"https:\/\/www.swiss-aquatics.ch\/fr\/wp-json\/wp\/v2\/types\/post"}],"author":[{"embeddable":true,"href":"https:\/\/www.swiss-aquatics.ch\/fr\/wp-json\/wp\/v2\/users\/35"}],"replies":[{"embeddable":true,"href":"https:\/\/www.swiss-aquatics.ch\/fr\/wp-json\/wp\/v2\/comments?post=70779"}],"version-history":[{"count":3,"href":"https:\/\/www.swiss-aquatics.ch\/fr\/wp-json\/wp\/v2\/posts\/70779\/revisions"}],"predecessor-version":[{"id":70786,"href":"https:\/\/www.swiss-aquatics.ch\/fr\/wp-json\/wp\/v2\/posts\/70779\/revisions\/70786"}],"wp:featuredmedia":[{"embeddable":true,"href":"https:\/\/www.swiss-aquatics.ch\/fr\/wp-json\/wp\/v2\/media\/70767"}],"wp:attachment":[{"href":"https:\/\/www.swiss-aquatics.ch\/fr\/wp-json\/wp\/v2\/media?parent=70779"}],"wp:term":[{"taxonomy":"category","embeddable":true,"href":"https:\/\/www.swiss-aquatics.ch\/fr\/wp-json\/wp\/v2\/categories?post=70779"},{"taxonomy":"post_tag","embeddable":true,"href":"https:\/\/www.swiss-aquatics.ch\/fr\/wp-json\/wp\/v2\/tags?post=70779"}],"curies":[{"name":"wp","href":"https:\/\/api.w.org\/{rel}","templated":true}]}}