{"id":71533,"date":"2024-07-08T16:44:56","date_gmt":"2024-07-08T14:44:56","guid":{"rendered":"https:\/\/www.swiss-aquatics.ch\/?p=71533"},"modified":"2024-07-11T09:36:05","modified_gmt":"2024-07-11T07:36:05","slug":"les-championnats-suisses-dete-a-uster-approchent-a-grands-pas","status":"publish","type":"post","link":"https:\/\/www.swiss-aquatics.ch\/fr\/les-championnats-suisses-dete-a-uster-approchent-a-grands-pas\/","title":{"rendered":"Les championnats suisses d&rsquo;\u00e9t\u00e9 \u00e0 Uster approchent \u00e0 grands pas"},"content":{"rendered":"","protected":false},"excerpt":{"rendered":"","protected":false},"author":35,"featured_media":56646,"comment_status":"closed","ping_status":"closed","sticky":false,"template":"","format":"standard","meta":{"_acf_changed":false,"footnotes":""},"categories":[2],"tags":[],"class_list":["post-71533","post","type-post","status-publish","format-standard","has-post-thumbnail","hentry","category-federation"],"acf":[],"yoast_head":"<!-- This site is optimized with the Yoast SEO plugin v27.5 - https:\/\/yoast.com\/product\/yoast-seo-wordpress\/ -->\n<title>Les championnats suisses d&#039;\u00e9t\u00e9 \u00e0 Uster approchent \u00e0 grands pas - Swiss Aquatics<\/title>\n<meta name=\"robots\" content=\"index, follow, max-snippet:-1, max-image-preview:large, max-video-preview:-1\" \/>\n<link rel=\"canonical\" href=\"https:\/\/www.swiss-aquatics.ch\/fr\/les-championnats-suisses-dete-a-uster-approchent-a-grands-pas\/\" \/>\n<meta property=\"og:locale\" content=\"fr_FR\" \/>\n<meta property=\"og:type\" content=\"article\" \/>\n<meta property=\"og:title\" content=\"Les championnats suisses d&#039;\u00e9t\u00e9 \u00e0 Uster approchent \u00e0 grands pas - Swiss Aquatics\" \/>\n<meta property=\"og:url\" content=\"https:\/\/www.swiss-aquatics.ch\/fr\/les-championnats-suisses-dete-a-uster-approchent-a-grands-pas\/\" \/>\n<meta property=\"og:site_name\" content=\"Swiss Aquatics\" \/>\n<meta property=\"article:published_time\" content=\"2024-07-08T14:44:56+00:00\" \/>\n<meta property=\"article:modified_time\" content=\"2024-07-11T07:36:05+00:00\" \/>\n<meta property=\"og:image\" content=\"https:\/\/www.swiss-aquatics.ch\/wp-content\/uploads\/2023\/07\/Daniil-Sokolovskiy_20230716_00049.jpg\" \/>\n\t<meta property=\"og:image:width\" content=\"1500\" \/>\n\t<meta property=\"og:image:height\" content=\"1000\" \/>\n\t<meta property=\"og:image:type\" content=\"image\/jpeg\" \/>\n<meta name=\"author\" content=\"Tanja Moos\" \/>\n<meta name=\"twitter:card\" content=\"summary_large_image\" \/>\n<meta name=\"twitter:label1\" content=\"\u00c9crit par\" \/>\n\t<meta name=\"twitter:data1\" content=\"Tanja Moos\" \/>\n\t<meta name=\"twitter:label2\" content=\"Dur\u00e9e de lecture estim\u00e9e\" \/>\n\t<meta name=\"twitter:data2\" content=\"4 minutes\" \/>\n<script type=\"application\/ld+json\" class=\"yoast-schema-graph\">{\"@context\":\"https:\\\/\\\/schema.org\",\"@graph\":[{\"@type\":\"Article\",\"@id\":\"https:\\\/\\\/www.swiss-aquatics.ch\\\/fr\\\/les-championnats-suisses-dete-a-uster-approchent-a-grands-pas\\\/#article\",\"isPartOf\":{\"@id\":\"https:\\\/\\\/www.swiss-aquatics.ch\\\/fr\\\/les-championnats-suisses-dete-a-uster-approchent-a-grands-pas\\\/\"},\"author\":{\"name\":\"Tanja Moos\",\"@id\":\"https:\\\/\\\/www.swiss-aquatics.ch\\\/fr\\\/#\\\/schema\\\/person\\\/c801433ab0f13da45b04178db3b9e739\"},\"headline\":\"Les championnats suisses d&rsquo;\u00e9t\u00e9 \u00e0 Uster approchent \u00e0 grands pas\",\"datePublished\":\"2024-07-08T14:44:56+00:00\",\"dateModified\":\"2024-07-11T07:36:05+00:00\",\"mainEntityOfPage\":{\"@id\":\"https:\\\/\\\/www.swiss-aquatics.ch\\\/fr\\\/les-championnats-suisses-dete-a-uster-approchent-a-grands-pas\\\/\"},\"wordCount\":9,\"publisher\":{\"@id\":\"https:\\\/\\\/www.swiss-aquatics.ch\\\/fr\\\/#organization\"},\"image\":{\"@id\":\"https:\\\/\\\/www.swiss-aquatics.ch\\\/fr\\\/les-championnats-suisses-dete-a-uster-approchent-a-grands-pas\\\/#primaryimage\"},\"thumbnailUrl\":\"https:\\\/\\\/www.swiss-aquatics.ch\\\/wp-content\\\/uploads\\\/2023\\\/07\\\/Daniil-Sokolovskiy_20230716_00049.jpg\",\"articleSection\":[\"F\u00e9d\u00e9ration\"],\"inLanguage\":\"fr-FR\"},{\"@type\":\"WebPage\",\"@id\":\"https:\\\/\\\/www.swiss-aquatics.ch\\\/fr\\\/les-championnats-suisses-dete-a-uster-approchent-a-grands-pas\\\/\",\"url\":\"https:\\\/\\\/www.swiss-aquatics.ch\\\/fr\\\/les-championnats-suisses-dete-a-uster-approchent-a-grands-pas\\\/\",\"name\":\"Les championnats suisses d'\u00e9t\u00e9 \u00e0 Uster approchent \u00e0 grands pas - Swiss Aquatics\",\"isPartOf\":{\"@id\":\"https:\\\/\\\/www.swiss-aquatics.ch\\\/fr\\\/#website\"},\"primaryImageOfPage\":{\"@id\":\"https:\\\/\\\/www.swiss-aquatics.ch\\\/fr\\\/les-championnats-suisses-dete-a-uster-approchent-a-grands-pas\\\/#primaryimage\"},\"image\":{\"@id\":\"https:\\\/\\\/www.swiss-aquatics.ch\\\/fr\\\/les-championnats-suisses-dete-a-uster-approchent-a-grands-pas\\\/#primaryimage\"},\"thumbnailUrl\":\"https:\\\/\\\/www.swiss-aquatics.ch\\\/wp-content\\\/uploads\\\/2023\\\/07\\\/Daniil-Sokolovskiy_20230716_00049.jpg\",\"datePublished\":\"2024-07-08T14:44:56+00:00\",\"dateModified\":\"2024-07-11T07:36:05+00:00\",\"breadcrumb\":{\"@id\":\"https:\\\/\\\/www.swiss-aquatics.ch\\\/fr\\\/les-championnats-suisses-dete-a-uster-approchent-a-grands-pas\\\/#breadcrumb\"},\"inLanguage\":\"fr-FR\",\"potentialAction\":[{\"@type\":\"ReadAction\",\"target\":[\"https:\\\/\\\/www.swiss-aquatics.ch\\\/fr\\\/les-championnats-suisses-dete-a-uster-approchent-a-grands-pas\\\/\"]}]},{\"@type\":\"ImageObject\",\"inLanguage\":\"fr-FR\",\"@id\":\"https:\\\/\\\/www.swiss-aquatics.ch\\\/fr\\\/les-championnats-suisses-dete-a-uster-approchent-a-grands-pas\\\/#primaryimage\",\"url\":\"https:\\\/\\\/www.swiss-aquatics.ch\\\/wp-content\\\/uploads\\\/2023\\\/07\\\/Daniil-Sokolovskiy_20230716_00049.jpg\",\"contentUrl\":\"https:\\\/\\\/www.swiss-aquatics.ch\\\/wp-content\\\/uploads\\\/2023\\\/07\\\/Daniil-Sokolovskiy_20230716_00049.jpg\",\"width\":1500,\"height\":1000,\"caption\":\"Daniil Sokolovskiy of Switzerland competes in the Men's 200m Individual Medley (IM) Heats during the Swiss Aquatics Swimming Open Summer Championships (50m) in Oberkirch, Switzerland, Sunday, July 16, 2023. (Photo by Patrick B. Kraemer \\\/ MAGICPBK)\"},{\"@type\":\"BreadcrumbList\",\"@id\":\"https:\\\/\\\/www.swiss-aquatics.ch\\\/fr\\\/les-championnats-suisses-dete-a-uster-approchent-a-grands-pas\\\/#breadcrumb\",\"itemListElement\":[{\"@type\":\"ListItem\",\"position\":1,\"name\":\"Page d'accueil\",\"item\":\"https:\\\/\\\/www.swiss-aquatics.ch\\\/fr\\\/\"},{\"@type\":\"ListItem\",\"position\":2,\"name\":\"Les championnats suisses d&#8217;\u00e9t\u00e9 \u00e0 Uster approchent \u00e0 grands pas\"}]},{\"@type\":\"WebSite\",\"@id\":\"https:\\\/\\\/www.swiss-aquatics.ch\\\/fr\\\/#website\",\"url\":\"https:\\\/\\\/www.swiss-aquatics.ch\\\/fr\\\/\",\"name\":\"Swiss Aquatics\",\"description\":\"\",\"publisher\":{\"@id\":\"https:\\\/\\\/www.swiss-aquatics.ch\\\/fr\\\/#organization\"},\"potentialAction\":[{\"@type\":\"SearchAction\",\"target\":{\"@type\":\"EntryPoint\",\"urlTemplate\":\"https:\\\/\\\/www.swiss-aquatics.ch\\\/fr\\\/?s={search_term_string}\"},\"query-input\":{\"@type\":\"PropertyValueSpecification\",\"valueRequired\":true,\"valueName\":\"search_term_string\"}}],\"inLanguage\":\"fr-FR\"},{\"@type\":\"Organization\",\"@id\":\"https:\\\/\\\/www.swiss-aquatics.ch\\\/fr\\\/#organization\",\"name\":\"Swiss Aquatics\",\"url\":\"https:\\\/\\\/www.swiss-aquatics.ch\\\/fr\\\/\",\"logo\":{\"@type\":\"ImageObject\",\"inLanguage\":\"fr-FR\",\"@id\":\"https:\\\/\\\/www.swiss-aquatics.ch\\\/fr\\\/#\\\/schema\\\/logo\\\/image\\\/\",\"url\":\"https:\\\/\\\/www.swiss-aquatics.ch\\\/wp-content\\\/uploads\\\/2020\\\/12\\\/logo.png\",\"contentUrl\":\"https:\\\/\\\/www.swiss-aquatics.ch\\\/wp-content\\\/uploads\\\/2020\\\/12\\\/logo.png\",\"width\":580,\"height\":58,\"caption\":\"Swiss Aquatics\"},\"image\":{\"@id\":\"https:\\\/\\\/www.swiss-aquatics.ch\\\/fr\\\/#\\\/schema\\\/logo\\\/image\\\/\"}},{\"@type\":\"Person\",\"@id\":\"https:\\\/\\\/www.swiss-aquatics.ch\\\/fr\\\/#\\\/schema\\\/person\\\/c801433ab0f13da45b04178db3b9e739\",\"name\":\"Tanja Moos\",\"image\":{\"@type\":\"ImageObject\",\"inLanguage\":\"fr-FR\",\"@id\":\"https:\\\/\\\/secure.gravatar.com\\\/avatar\\\/ad7845859efe81fad0bc8561449016d7d512fdf97acf210c0691fc436e965f5c?s=96&d=mm&r=g\",\"url\":\"https:\\\/\\\/secure.gravatar.com\\\/avatar\\\/ad7845859efe81fad0bc8561449016d7d512fdf97acf210c0691fc436e965f5c?s=96&d=mm&r=g\",\"contentUrl\":\"https:\\\/\\\/secure.gravatar.com\\\/avatar\\\/ad7845859efe81fad0bc8561449016d7d512fdf97acf210c0691fc436e965f5c?s=96&d=mm&r=g\",\"caption\":\"Tanja Moos\"}}]}<\/script>\n<!-- \/ Yoast SEO plugin. -->","yoast_head_json":{"title":"Les championnats suisses d'\u00e9t\u00e9 \u00e0 Uster approchent \u00e0 grands pas - Swiss Aquatics","robots":{"index":"index","follow":"follow","max-snippet":"max-snippet:-1","max-image-preview":"max-image-preview:large","max-video-preview":"max-video-preview:-1"},"canonical":"https:\/\/www.swiss-aquatics.ch\/fr\/les-championnats-suisses-dete-a-uster-approchent-a-grands-pas\/","og_locale":"fr_FR","og_type":"article","og_title":"Les championnats suisses d'\u00e9t\u00e9 \u00e0 Uster approchent \u00e0 grands pas - Swiss Aquatics","og_url":"https:\/\/www.swiss-aquatics.ch\/fr\/les-championnats-suisses-dete-a-uster-approchent-a-grands-pas\/","og_site_name":"Swiss Aquatics","article_published_time":"2024-07-08T14:44:56+00:00","article_modified_time":"2024-07-11T07:36:05+00:00","og_image":[{"width":1500,"height":1000,"url":"https:\/\/www.swiss-aquatics.ch\/wp-content\/uploads\/2023\/07\/Daniil-Sokolovskiy_20230716_00049.jpg","type":"image\/jpeg"}],"author":"Tanja Moos","twitter_card":"summary_large_image","twitter_misc":{"\u00c9crit par":"Tanja Moos","Dur\u00e9e de lecture estim\u00e9e":"4 minutes"},"schema":{"@context":"https:\/\/schema.org","@graph":[{"@type":"Article","@id":"https:\/\/www.swiss-aquatics.ch\/fr\/les-championnats-suisses-dete-a-uster-approchent-a-grands-pas\/#article","isPartOf":{"@id":"https:\/\/www.swiss-aquatics.ch\/fr\/les-championnats-suisses-dete-a-uster-approchent-a-grands-pas\/"},"author":{"name":"Tanja Moos","@id":"https:\/\/www.swiss-aquatics.ch\/fr\/#\/schema\/person\/c801433ab0f13da45b04178db3b9e739"},"headline":"Les championnats suisses d&rsquo;\u00e9t\u00e9 \u00e0 Uster approchent \u00e0 grands pas","datePublished":"2024-07-08T14:44:56+00:00","dateModified":"2024-07-11T07:36:05+00:00","mainEntityOfPage":{"@id":"https:\/\/www.swiss-aquatics.ch\/fr\/les-championnats-suisses-dete-a-uster-approchent-a-grands-pas\/"},"wordCount":9,"publisher":{"@id":"https:\/\/www.swiss-aquatics.ch\/fr\/#organization"},"image":{"@id":"https:\/\/www.swiss-aquatics.ch\/fr\/les-championnats-suisses-dete-a-uster-approchent-a-grands-pas\/#primaryimage"},"thumbnailUrl":"https:\/\/www.swiss-aquatics.ch\/wp-content\/uploads\/2023\/07\/Daniil-Sokolovskiy_20230716_00049.jpg","articleSection":["F\u00e9d\u00e9ration"],"inLanguage":"fr-FR"},{"@type":"WebPage","@id":"https:\/\/www.swiss-aquatics.ch\/fr\/les-championnats-suisses-dete-a-uster-approchent-a-grands-pas\/","url":"https:\/\/www.swiss-aquatics.ch\/fr\/les-championnats-suisses-dete-a-uster-approchent-a-grands-pas\/","name":"Les championnats suisses d'\u00e9t\u00e9 \u00e0 Uster approchent \u00e0 grands pas - Swiss Aquatics","isPartOf":{"@id":"https:\/\/www.swiss-aquatics.ch\/fr\/#website"},"primaryImageOfPage":{"@id":"https:\/\/www.swiss-aquatics.ch\/fr\/les-championnats-suisses-dete-a-uster-approchent-a-grands-pas\/#primaryimage"},"image":{"@id":"https:\/\/www.swiss-aquatics.ch\/fr\/les-championnats-suisses-dete-a-uster-approchent-a-grands-pas\/#primaryimage"},"thumbnailUrl":"https:\/\/www.swiss-aquatics.ch\/wp-content\/uploads\/2023\/07\/Daniil-Sokolovskiy_20230716_00049.jpg","datePublished":"2024-07-08T14:44:56+00:00","dateModified":"2024-07-11T07:36:05+00:00","breadcrumb":{"@id":"https:\/\/www.swiss-aquatics.ch\/fr\/les-championnats-suisses-dete-a-uster-approchent-a-grands-pas\/#breadcrumb"},"inLanguage":"fr-FR","potentialAction":[{"@type":"ReadAction","target":["https:\/\/www.swiss-aquatics.ch\/fr\/les-championnats-suisses-dete-a-uster-approchent-a-grands-pas\/"]}]},{"@type":"ImageObject","inLanguage":"fr-FR","@id":"https:\/\/www.swiss-aquatics.ch\/fr\/les-championnats-suisses-dete-a-uster-approchent-a-grands-pas\/#primaryimage","url":"https:\/\/www.swiss-aquatics.ch\/wp-content\/uploads\/2023\/07\/Daniil-Sokolovskiy_20230716_00049.jpg","contentUrl":"https:\/\/www.swiss-aquatics.ch\/wp-content\/uploads\/2023\/07\/Daniil-Sokolovskiy_20230716_00049.jpg","width":1500,"height":1000,"caption":"Daniil Sokolovskiy of Switzerland competes in the Men's 200m Individual Medley (IM) Heats during the Swiss Aquatics Swimming Open Summer Championships (50m) in Oberkirch, Switzerland, Sunday, July 16, 2023. (Photo by Patrick B. Kraemer \/ MAGICPBK)"},{"@type":"BreadcrumbList","@id":"https:\/\/www.swiss-aquatics.ch\/fr\/les-championnats-suisses-dete-a-uster-approchent-a-grands-pas\/#breadcrumb","itemListElement":[{"@type":"ListItem","position":1,"name":"Page d'accueil","item":"https:\/\/www.swiss-aquatics.ch\/fr\/"},{"@type":"ListItem","position":2,"name":"Les championnats suisses d&#8217;\u00e9t\u00e9 \u00e0 Uster approchent \u00e0 grands pas"}]},{"@type":"WebSite","@id":"https:\/\/www.swiss-aquatics.ch\/fr\/#website","url":"https:\/\/www.swiss-aquatics.ch\/fr\/","name":"Swiss Aquatics","description":"","publisher":{"@id":"https:\/\/www.swiss-aquatics.ch\/fr\/#organization"},"potentialAction":[{"@type":"SearchAction","target":{"@type":"EntryPoint","urlTemplate":"https:\/\/www.swiss-aquatics.ch\/fr\/?s={search_term_string}"},"query-input":{"@type":"PropertyValueSpecification","valueRequired":true,"valueName":"search_term_string"}}],"inLanguage":"fr-FR"},{"@type":"Organization","@id":"https:\/\/www.swiss-aquatics.ch\/fr\/#organization","name":"Swiss Aquatics","url":"https:\/\/www.swiss-aquatics.ch\/fr\/","logo":{"@type":"ImageObject","inLanguage":"fr-FR","@id":"https:\/\/www.swiss-aquatics.ch\/fr\/#\/schema\/logo\/image\/","url":"https:\/\/www.swiss-aquatics.ch\/wp-content\/uploads\/2020\/12\/logo.png","contentUrl":"https:\/\/www.swiss-aquatics.ch\/wp-content\/uploads\/2020\/12\/logo.png","width":580,"height":58,"caption":"Swiss Aquatics"},"image":{"@id":"https:\/\/www.swiss-aquatics.ch\/fr\/#\/schema\/logo\/image\/"}},{"@type":"Person","@id":"https:\/\/www.swiss-aquatics.ch\/fr\/#\/schema\/person\/c801433ab0f13da45b04178db3b9e739","name":"Tanja Moos","image":{"@type":"ImageObject","inLanguage":"fr-FR","@id":"https:\/\/secure.gravatar.com\/avatar\/ad7845859efe81fad0bc8561449016d7d512fdf97acf210c0691fc436e965f5c?s=96&d=mm&r=g","url":"https:\/\/secure.gravatar.com\/avatar\/ad7845859efe81fad0bc8561449016d7d512fdf97acf210c0691fc436e965f5c?s=96&d=mm&r=g","contentUrl":"https:\/\/secure.gravatar.com\/avatar\/ad7845859efe81fad0bc8561449016d7d512fdf97acf210c0691fc436e965f5c?s=96&d=mm&r=g","caption":"Tanja Moos"}}]}},"_links":{"self":[{"href":"https:\/\/www.swiss-aquatics.ch\/fr\/wp-json\/wp\/v2\/posts\/71533","targetHints":{"allow":["GET"]}}],"collection":[{"href":"https:\/\/www.swiss-aquatics.ch\/fr\/wp-json\/wp\/v2\/posts"}],"about":[{"href":"https:\/\/www.swiss-aquatics.ch\/fr\/wp-json\/wp\/v2\/types\/post"}],"author":[{"embeddable":true,"href":"https:\/\/www.swiss-aquatics.ch\/fr\/wp-json\/wp\/v2\/users\/35"}],"replies":[{"embeddable":true,"href":"https:\/\/www.swiss-aquatics.ch\/fr\/wp-json\/wp\/v2\/comments?post=71533"}],"version-history":[{"count":4,"href":"https:\/\/www.swiss-aquatics.ch\/fr\/wp-json\/wp\/v2\/posts\/71533\/revisions"}],"predecessor-version":[{"id":71682,"href":"https:\/\/www.swiss-aquatics.ch\/fr\/wp-json\/wp\/v2\/posts\/71533\/revisions\/71682"}],"wp:featuredmedia":[{"embeddable":true,"href":"https:\/\/www.swiss-aquatics.ch\/fr\/wp-json\/wp\/v2\/media\/56646"}],"wp:attachment":[{"href":"https:\/\/www.swiss-aquatics.ch\/fr\/wp-json\/wp\/v2\/media?parent=71533"}],"wp:term":[{"taxonomy":"category","embeddable":true,"href":"https:\/\/www.swiss-aquatics.ch\/fr\/wp-json\/wp\/v2\/categories?post=71533"},{"taxonomy":"post_tag","embeddable":true,"href":"https:\/\/www.swiss-aquatics.ch\/fr\/wp-json\/wp\/v2\/tags?post=71533"}],"curies":[{"name":"wp","href":"https:\/\/api.w.org\/{rel}","templated":true}]}}