{"id":77083,"date":"2024-11-16T21:47:31","date_gmt":"2024-11-16T20:47:31","guid":{"rendered":"https:\/\/www.swiss-aquatics.ch\/?p=77083"},"modified":"2024-11-16T22:22:53","modified_gmt":"2024-11-16T21:22:53","slug":"salle-comble-a-oberkirch-pour-la-deuxieme-journee-des-championnats-suisses-en-petit-bassin","status":"publish","type":"post","link":"https:\/\/www.swiss-aquatics.ch\/fr\/salle-comble-a-oberkirch-pour-la-deuxieme-journee-des-championnats-suisses-en-petit-bassin\/","title":{"rendered":"Salle comble \u00e0 Oberkirch pour la deuxi\u00e8me journ\u00e9e des Championnats suisses en petit bassin"},"content":{"rendered":"","protected":false},"excerpt":{"rendered":"","protected":false},"author":515,"featured_media":77196,"comment_status":"closed","ping_status":"closed","sticky":false,"template":"","format":"standard","meta":{"_acf_changed":false,"footnotes":""},"categories":[2,30],"tags":[],"class_list":["post-77083","post","type-post","status-publish","format-standard","has-post-thumbnail","hentry","category-federation","category-swimming-fr"],"acf":[],"yoast_head":"<!-- This site is optimized with the Yoast SEO plugin v27.5 - https:\/\/yoast.com\/product\/yoast-seo-wordpress\/ -->\n<title>Salle comble \u00e0 Oberkirch pour la deuxi\u00e8me journ\u00e9e des Championnats suisses en petit bassin - Swiss Aquatics<\/title>\n<meta name=\"description\" content=\"Plongez dans l\u2019action du deuxi\u00e8me jour des Championnats suisses en petit bassin 2024 \u00e0 Oberkirch : performances incroyables, deux nouveaux records nationaux et une ambiance \u00e9lectrique.\" \/>\n<meta name=\"robots\" content=\"index, follow, max-snippet:-1, max-image-preview:large, max-video-preview:-1\" \/>\n<link rel=\"canonical\" href=\"https:\/\/www.swiss-aquatics.ch\/fr\/salle-comble-a-oberkirch-pour-la-deuxieme-journee-des-championnats-suisses-en-petit-bassin\/\" \/>\n<meta property=\"og:locale\" content=\"fr_FR\" \/>\n<meta property=\"og:type\" content=\"article\" \/>\n<meta property=\"og:title\" content=\"Salle comble \u00e0 Oberkirch pour la deuxi\u00e8me journ\u00e9e des Championnats suisses en petit bassin - Swiss Aquatics\" \/>\n<meta property=\"og:description\" content=\"Plongez dans l\u2019action du deuxi\u00e8me jour des Championnats suisses en petit bassin 2024 \u00e0 Oberkirch : performances incroyables, deux nouveaux records nationaux et une ambiance \u00e9lectrique.\" \/>\n<meta property=\"og:url\" content=\"https:\/\/www.swiss-aquatics.ch\/fr\/salle-comble-a-oberkirch-pour-la-deuxieme-journee-des-championnats-suisses-en-petit-bassin\/\" \/>\n<meta property=\"og:site_name\" content=\"Swiss Aquatics\" \/>\n<meta property=\"article:published_time\" content=\"2024-11-16T20:47:31+00:00\" \/>\n<meta property=\"article:modified_time\" content=\"2024-11-16T21:22:53+00:00\" \/>\n<meta property=\"og:image\" content=\"https:\/\/www.swiss-aquatics.ch\/wp-content\/uploads\/2024\/11\/Noe-PONTI_20241116_08389_a.jpg\" \/>\n\t<meta property=\"og:image:width\" content=\"1500\" \/>\n\t<meta property=\"og:image:height\" content=\"1000\" \/>\n\t<meta property=\"og:image:type\" content=\"image\/jpeg\" \/>\n<meta name=\"author\" content=\"Yel\u00e9in Cheriff\" \/>\n<meta name=\"twitter:card\" content=\"summary_large_image\" \/>\n<meta name=\"twitter:label1\" content=\"\u00c9crit par\" \/>\n\t<meta name=\"twitter:data1\" content=\"Yel\u00e9in Cheriff\" \/>\n\t<meta name=\"twitter:label2\" content=\"Dur\u00e9e de lecture estim\u00e9e\" \/>\n\t<meta name=\"twitter:data2\" content=\"6 minutes\" \/>\n<script type=\"application\/ld+json\" class=\"yoast-schema-graph\">{\"@context\":\"https:\\\/\\\/schema.org\",\"@graph\":[{\"@type\":\"Article\",\"@id\":\"https:\\\/\\\/www.swiss-aquatics.ch\\\/fr\\\/salle-comble-a-oberkirch-pour-la-deuxieme-journee-des-championnats-suisses-en-petit-bassin\\\/#article\",\"isPartOf\":{\"@id\":\"https:\\\/\\\/www.swiss-aquatics.ch\\\/fr\\\/salle-comble-a-oberkirch-pour-la-deuxieme-journee-des-championnats-suisses-en-petit-bassin\\\/\"},\"author\":{\"name\":\"Yel\u00e9in Cheriff\",\"@id\":\"https:\\\/\\\/www.swiss-aquatics.ch\\\/fr\\\/#\\\/schema\\\/person\\\/e521640f2287ae9f307477cbba49456a\"},\"headline\":\"Salle comble \u00e0 Oberkirch pour la deuxi\u00e8me journ\u00e9e des Championnats suisses en petit bassin\",\"datePublished\":\"2024-11-16T20:47:31+00:00\",\"dateModified\":\"2024-11-16T21:22:53+00:00\",\"mainEntityOfPage\":{\"@id\":\"https:\\\/\\\/www.swiss-aquatics.ch\\\/fr\\\/salle-comble-a-oberkirch-pour-la-deuxieme-journee-des-championnats-suisses-en-petit-bassin\\\/\"},\"wordCount\":15,\"publisher\":{\"@id\":\"https:\\\/\\\/www.swiss-aquatics.ch\\\/fr\\\/#organization\"},\"image\":{\"@id\":\"https:\\\/\\\/www.swiss-aquatics.ch\\\/fr\\\/salle-comble-a-oberkirch-pour-la-deuxieme-journee-des-championnats-suisses-en-petit-bassin\\\/#primaryimage\"},\"thumbnailUrl\":\"https:\\\/\\\/www.swiss-aquatics.ch\\\/wp-content\\\/uploads\\\/2024\\\/11\\\/Noe-PONTI_20241116_08389_a.jpg\",\"articleSection\":[\"F\u00e9d\u00e9ration\",\"Swimming\"],\"inLanguage\":\"fr-FR\"},{\"@type\":\"WebPage\",\"@id\":\"https:\\\/\\\/www.swiss-aquatics.ch\\\/fr\\\/salle-comble-a-oberkirch-pour-la-deuxieme-journee-des-championnats-suisses-en-petit-bassin\\\/\",\"url\":\"https:\\\/\\\/www.swiss-aquatics.ch\\\/fr\\\/salle-comble-a-oberkirch-pour-la-deuxieme-journee-des-championnats-suisses-en-petit-bassin\\\/\",\"name\":\"Salle comble \u00e0 Oberkirch pour la deuxi\u00e8me journ\u00e9e des Championnats suisses en petit bassin - Swiss Aquatics\",\"isPartOf\":{\"@id\":\"https:\\\/\\\/www.swiss-aquatics.ch\\\/fr\\\/#website\"},\"primaryImageOfPage\":{\"@id\":\"https:\\\/\\\/www.swiss-aquatics.ch\\\/fr\\\/salle-comble-a-oberkirch-pour-la-deuxieme-journee-des-championnats-suisses-en-petit-bassin\\\/#primaryimage\"},\"image\":{\"@id\":\"https:\\\/\\\/www.swiss-aquatics.ch\\\/fr\\\/salle-comble-a-oberkirch-pour-la-deuxieme-journee-des-championnats-suisses-en-petit-bassin\\\/#primaryimage\"},\"thumbnailUrl\":\"https:\\\/\\\/www.swiss-aquatics.ch\\\/wp-content\\\/uploads\\\/2024\\\/11\\\/Noe-PONTI_20241116_08389_a.jpg\",\"datePublished\":\"2024-11-16T20:47:31+00:00\",\"dateModified\":\"2024-11-16T21:22:53+00:00\",\"description\":\"Plongez dans l\u2019action du deuxi\u00e8me jour des Championnats suisses en petit bassin 2024 \u00e0 Oberkirch : performances incroyables, deux nouveaux records nationaux et une ambiance \u00e9lectrique.\",\"breadcrumb\":{\"@id\":\"https:\\\/\\\/www.swiss-aquatics.ch\\\/fr\\\/salle-comble-a-oberkirch-pour-la-deuxieme-journee-des-championnats-suisses-en-petit-bassin\\\/#breadcrumb\"},\"inLanguage\":\"fr-FR\",\"potentialAction\":[{\"@type\":\"ReadAction\",\"target\":[\"https:\\\/\\\/www.swiss-aquatics.ch\\\/fr\\\/salle-comble-a-oberkirch-pour-la-deuxieme-journee-des-championnats-suisses-en-petit-bassin\\\/\"]}]},{\"@type\":\"ImageObject\",\"inLanguage\":\"fr-FR\",\"@id\":\"https:\\\/\\\/www.swiss-aquatics.ch\\\/fr\\\/salle-comble-a-oberkirch-pour-la-deuxieme-journee-des-championnats-suisses-en-petit-bassin\\\/#primaryimage\",\"url\":\"https:\\\/\\\/www.swiss-aquatics.ch\\\/wp-content\\\/uploads\\\/2024\\\/11\\\/Noe-PONTI_20241116_08389_a.jpg\",\"contentUrl\":\"https:\\\/\\\/www.swiss-aquatics.ch\\\/wp-content\\\/uploads\\\/2024\\\/11\\\/Noe-PONTI_20241116_08389_a.jpg\",\"width\":1500,\"height\":1000,\"caption\":\"SC Uster\u2019s Thomas Hallock, Tino Haemmerle, Fabian Kempf and Noe PONTI of Switzerland, who set a new Swiss record in the Men's 50m Freestyle on the first leg, pose for a photo after setting a new Swiss record in the Men's 4x50m Freestyle Relay during the Swiss Short Course Swimming Championships in Oberkirch, Switzerland, Saturday, Nov. 16, 2024. (Photo by Patrick B. Kraemer \\\/ MAGICPBK)\"},{\"@type\":\"BreadcrumbList\",\"@id\":\"https:\\\/\\\/www.swiss-aquatics.ch\\\/fr\\\/salle-comble-a-oberkirch-pour-la-deuxieme-journee-des-championnats-suisses-en-petit-bassin\\\/#breadcrumb\",\"itemListElement\":[{\"@type\":\"ListItem\",\"position\":1,\"name\":\"Page d'accueil\",\"item\":\"https:\\\/\\\/www.swiss-aquatics.ch\\\/fr\\\/\"},{\"@type\":\"ListItem\",\"position\":2,\"name\":\"Salle comble \u00e0 Oberkirch pour la deuxi\u00e8me journ\u00e9e des Championnats suisses en petit bassin\"}]},{\"@type\":\"WebSite\",\"@id\":\"https:\\\/\\\/www.swiss-aquatics.ch\\\/fr\\\/#website\",\"url\":\"https:\\\/\\\/www.swiss-aquatics.ch\\\/fr\\\/\",\"name\":\"Swiss Aquatics\",\"description\":\"\",\"publisher\":{\"@id\":\"https:\\\/\\\/www.swiss-aquatics.ch\\\/fr\\\/#organization\"},\"potentialAction\":[{\"@type\":\"SearchAction\",\"target\":{\"@type\":\"EntryPoint\",\"urlTemplate\":\"https:\\\/\\\/www.swiss-aquatics.ch\\\/fr\\\/?s={search_term_string}\"},\"query-input\":{\"@type\":\"PropertyValueSpecification\",\"valueRequired\":true,\"valueName\":\"search_term_string\"}}],\"inLanguage\":\"fr-FR\"},{\"@type\":\"Organization\",\"@id\":\"https:\\\/\\\/www.swiss-aquatics.ch\\\/fr\\\/#organization\",\"name\":\"Swiss Aquatics\",\"url\":\"https:\\\/\\\/www.swiss-aquatics.ch\\\/fr\\\/\",\"logo\":{\"@type\":\"ImageObject\",\"inLanguage\":\"fr-FR\",\"@id\":\"https:\\\/\\\/www.swiss-aquatics.ch\\\/fr\\\/#\\\/schema\\\/logo\\\/image\\\/\",\"url\":\"https:\\\/\\\/www.swiss-aquatics.ch\\\/wp-content\\\/uploads\\\/2020\\\/12\\\/logo.png\",\"contentUrl\":\"https:\\\/\\\/www.swiss-aquatics.ch\\\/wp-content\\\/uploads\\\/2020\\\/12\\\/logo.png\",\"width\":580,\"height\":58,\"caption\":\"Swiss Aquatics\"},\"image\":{\"@id\":\"https:\\\/\\\/www.swiss-aquatics.ch\\\/fr\\\/#\\\/schema\\\/logo\\\/image\\\/\"}},{\"@type\":\"Person\",\"@id\":\"https:\\\/\\\/www.swiss-aquatics.ch\\\/fr\\\/#\\\/schema\\\/person\\\/e521640f2287ae9f307477cbba49456a\",\"name\":\"Yel\u00e9in Cheriff\",\"image\":{\"@type\":\"ImageObject\",\"inLanguage\":\"fr-FR\",\"@id\":\"https:\\\/\\\/secure.gravatar.com\\\/avatar\\\/caf62c9613f4f6739ffcdb93a8af15ae421de07465d223b0ac799ca7c86ce657?s=96&d=mm&r=g\",\"url\":\"https:\\\/\\\/secure.gravatar.com\\\/avatar\\\/caf62c9613f4f6739ffcdb93a8af15ae421de07465d223b0ac799ca7c86ce657?s=96&d=mm&r=g\",\"contentUrl\":\"https:\\\/\\\/secure.gravatar.com\\\/avatar\\\/caf62c9613f4f6739ffcdb93a8af15ae421de07465d223b0ac799ca7c86ce657?s=96&d=mm&r=g\",\"caption\":\"Yel\u00e9in Cheriff\"}}]}<\/script>\n<!-- \/ Yoast SEO plugin. -->","yoast_head_json":{"title":"Salle comble \u00e0 Oberkirch pour la deuxi\u00e8me journ\u00e9e des Championnats suisses en petit bassin - Swiss Aquatics","description":"Plongez dans l\u2019action du deuxi\u00e8me jour des Championnats suisses en petit bassin 2024 \u00e0 Oberkirch : performances incroyables, deux nouveaux records nationaux et une ambiance \u00e9lectrique.","robots":{"index":"index","follow":"follow","max-snippet":"max-snippet:-1","max-image-preview":"max-image-preview:large","max-video-preview":"max-video-preview:-1"},"canonical":"https:\/\/www.swiss-aquatics.ch\/fr\/salle-comble-a-oberkirch-pour-la-deuxieme-journee-des-championnats-suisses-en-petit-bassin\/","og_locale":"fr_FR","og_type":"article","og_title":"Salle comble \u00e0 Oberkirch pour la deuxi\u00e8me journ\u00e9e des Championnats suisses en petit bassin - Swiss Aquatics","og_description":"Plongez dans l\u2019action du deuxi\u00e8me jour des Championnats suisses en petit bassin 2024 \u00e0 Oberkirch : performances incroyables, deux nouveaux records nationaux et une ambiance \u00e9lectrique.","og_url":"https:\/\/www.swiss-aquatics.ch\/fr\/salle-comble-a-oberkirch-pour-la-deuxieme-journee-des-championnats-suisses-en-petit-bassin\/","og_site_name":"Swiss Aquatics","article_published_time":"2024-11-16T20:47:31+00:00","article_modified_time":"2024-11-16T21:22:53+00:00","og_image":[{"width":1500,"height":1000,"url":"https:\/\/www.swiss-aquatics.ch\/wp-content\/uploads\/2024\/11\/Noe-PONTI_20241116_08389_a.jpg","type":"image\/jpeg"}],"author":"Yel\u00e9in Cheriff","twitter_card":"summary_large_image","twitter_misc":{"\u00c9crit par":"Yel\u00e9in Cheriff","Dur\u00e9e de lecture estim\u00e9e":"6 minutes"},"schema":{"@context":"https:\/\/schema.org","@graph":[{"@type":"Article","@id":"https:\/\/www.swiss-aquatics.ch\/fr\/salle-comble-a-oberkirch-pour-la-deuxieme-journee-des-championnats-suisses-en-petit-bassin\/#article","isPartOf":{"@id":"https:\/\/www.swiss-aquatics.ch\/fr\/salle-comble-a-oberkirch-pour-la-deuxieme-journee-des-championnats-suisses-en-petit-bassin\/"},"author":{"name":"Yel\u00e9in Cheriff","@id":"https:\/\/www.swiss-aquatics.ch\/fr\/#\/schema\/person\/e521640f2287ae9f307477cbba49456a"},"headline":"Salle comble \u00e0 Oberkirch pour la deuxi\u00e8me journ\u00e9e des Championnats suisses en petit bassin","datePublished":"2024-11-16T20:47:31+00:00","dateModified":"2024-11-16T21:22:53+00:00","mainEntityOfPage":{"@id":"https:\/\/www.swiss-aquatics.ch\/fr\/salle-comble-a-oberkirch-pour-la-deuxieme-journee-des-championnats-suisses-en-petit-bassin\/"},"wordCount":15,"publisher":{"@id":"https:\/\/www.swiss-aquatics.ch\/fr\/#organization"},"image":{"@id":"https:\/\/www.swiss-aquatics.ch\/fr\/salle-comble-a-oberkirch-pour-la-deuxieme-journee-des-championnats-suisses-en-petit-bassin\/#primaryimage"},"thumbnailUrl":"https:\/\/www.swiss-aquatics.ch\/wp-content\/uploads\/2024\/11\/Noe-PONTI_20241116_08389_a.jpg","articleSection":["F\u00e9d\u00e9ration","Swimming"],"inLanguage":"fr-FR"},{"@type":"WebPage","@id":"https:\/\/www.swiss-aquatics.ch\/fr\/salle-comble-a-oberkirch-pour-la-deuxieme-journee-des-championnats-suisses-en-petit-bassin\/","url":"https:\/\/www.swiss-aquatics.ch\/fr\/salle-comble-a-oberkirch-pour-la-deuxieme-journee-des-championnats-suisses-en-petit-bassin\/","name":"Salle comble \u00e0 Oberkirch pour la deuxi\u00e8me journ\u00e9e des Championnats suisses en petit bassin - Swiss Aquatics","isPartOf":{"@id":"https:\/\/www.swiss-aquatics.ch\/fr\/#website"},"primaryImageOfPage":{"@id":"https:\/\/www.swiss-aquatics.ch\/fr\/salle-comble-a-oberkirch-pour-la-deuxieme-journee-des-championnats-suisses-en-petit-bassin\/#primaryimage"},"image":{"@id":"https:\/\/www.swiss-aquatics.ch\/fr\/salle-comble-a-oberkirch-pour-la-deuxieme-journee-des-championnats-suisses-en-petit-bassin\/#primaryimage"},"thumbnailUrl":"https:\/\/www.swiss-aquatics.ch\/wp-content\/uploads\/2024\/11\/Noe-PONTI_20241116_08389_a.jpg","datePublished":"2024-11-16T20:47:31+00:00","dateModified":"2024-11-16T21:22:53+00:00","description":"Plongez dans l\u2019action du deuxi\u00e8me jour des Championnats suisses en petit bassin 2024 \u00e0 Oberkirch : performances incroyables, deux nouveaux records nationaux et une ambiance \u00e9lectrique.","breadcrumb":{"@id":"https:\/\/www.swiss-aquatics.ch\/fr\/salle-comble-a-oberkirch-pour-la-deuxieme-journee-des-championnats-suisses-en-petit-bassin\/#breadcrumb"},"inLanguage":"fr-FR","potentialAction":[{"@type":"ReadAction","target":["https:\/\/www.swiss-aquatics.ch\/fr\/salle-comble-a-oberkirch-pour-la-deuxieme-journee-des-championnats-suisses-en-petit-bassin\/"]}]},{"@type":"ImageObject","inLanguage":"fr-FR","@id":"https:\/\/www.swiss-aquatics.ch\/fr\/salle-comble-a-oberkirch-pour-la-deuxieme-journee-des-championnats-suisses-en-petit-bassin\/#primaryimage","url":"https:\/\/www.swiss-aquatics.ch\/wp-content\/uploads\/2024\/11\/Noe-PONTI_20241116_08389_a.jpg","contentUrl":"https:\/\/www.swiss-aquatics.ch\/wp-content\/uploads\/2024\/11\/Noe-PONTI_20241116_08389_a.jpg","width":1500,"height":1000,"caption":"SC Uster\u2019s Thomas Hallock, Tino Haemmerle, Fabian Kempf and Noe PONTI of Switzerland, who set a new Swiss record in the Men's 50m Freestyle on the first leg, pose for a photo after setting a new Swiss record in the Men's 4x50m Freestyle Relay during the Swiss Short Course Swimming Championships in Oberkirch, Switzerland, Saturday, Nov. 16, 2024. (Photo by Patrick B. Kraemer \/ MAGICPBK)"},{"@type":"BreadcrumbList","@id":"https:\/\/www.swiss-aquatics.ch\/fr\/salle-comble-a-oberkirch-pour-la-deuxieme-journee-des-championnats-suisses-en-petit-bassin\/#breadcrumb","itemListElement":[{"@type":"ListItem","position":1,"name":"Page d'accueil","item":"https:\/\/www.swiss-aquatics.ch\/fr\/"},{"@type":"ListItem","position":2,"name":"Salle comble \u00e0 Oberkirch pour la deuxi\u00e8me journ\u00e9e des Championnats suisses en petit bassin"}]},{"@type":"WebSite","@id":"https:\/\/www.swiss-aquatics.ch\/fr\/#website","url":"https:\/\/www.swiss-aquatics.ch\/fr\/","name":"Swiss Aquatics","description":"","publisher":{"@id":"https:\/\/www.swiss-aquatics.ch\/fr\/#organization"},"potentialAction":[{"@type":"SearchAction","target":{"@type":"EntryPoint","urlTemplate":"https:\/\/www.swiss-aquatics.ch\/fr\/?s={search_term_string}"},"query-input":{"@type":"PropertyValueSpecification","valueRequired":true,"valueName":"search_term_string"}}],"inLanguage":"fr-FR"},{"@type":"Organization","@id":"https:\/\/www.swiss-aquatics.ch\/fr\/#organization","name":"Swiss Aquatics","url":"https:\/\/www.swiss-aquatics.ch\/fr\/","logo":{"@type":"ImageObject","inLanguage":"fr-FR","@id":"https:\/\/www.swiss-aquatics.ch\/fr\/#\/schema\/logo\/image\/","url":"https:\/\/www.swiss-aquatics.ch\/wp-content\/uploads\/2020\/12\/logo.png","contentUrl":"https:\/\/www.swiss-aquatics.ch\/wp-content\/uploads\/2020\/12\/logo.png","width":580,"height":58,"caption":"Swiss Aquatics"},"image":{"@id":"https:\/\/www.swiss-aquatics.ch\/fr\/#\/schema\/logo\/image\/"}},{"@type":"Person","@id":"https:\/\/www.swiss-aquatics.ch\/fr\/#\/schema\/person\/e521640f2287ae9f307477cbba49456a","name":"Yel\u00e9in Cheriff","image":{"@type":"ImageObject","inLanguage":"fr-FR","@id":"https:\/\/secure.gravatar.com\/avatar\/caf62c9613f4f6739ffcdb93a8af15ae421de07465d223b0ac799ca7c86ce657?s=96&d=mm&r=g","url":"https:\/\/secure.gravatar.com\/avatar\/caf62c9613f4f6739ffcdb93a8af15ae421de07465d223b0ac799ca7c86ce657?s=96&d=mm&r=g","contentUrl":"https:\/\/secure.gravatar.com\/avatar\/caf62c9613f4f6739ffcdb93a8af15ae421de07465d223b0ac799ca7c86ce657?s=96&d=mm&r=g","caption":"Yel\u00e9in Cheriff"}}]}},"_links":{"self":[{"href":"https:\/\/www.swiss-aquatics.ch\/fr\/wp-json\/wp\/v2\/posts\/77083","targetHints":{"allow":["GET"]}}],"collection":[{"href":"https:\/\/www.swiss-aquatics.ch\/fr\/wp-json\/wp\/v2\/posts"}],"about":[{"href":"https:\/\/www.swiss-aquatics.ch\/fr\/wp-json\/wp\/v2\/types\/post"}],"author":[{"embeddable":true,"href":"https:\/\/www.swiss-aquatics.ch\/fr\/wp-json\/wp\/v2\/users\/515"}],"replies":[{"embeddable":true,"href":"https:\/\/www.swiss-aquatics.ch\/fr\/wp-json\/wp\/v2\/comments?post=77083"}],"version-history":[{"count":8,"href":"https:\/\/www.swiss-aquatics.ch\/fr\/wp-json\/wp\/v2\/posts\/77083\/revisions"}],"predecessor-version":[{"id":77190,"href":"https:\/\/www.swiss-aquatics.ch\/fr\/wp-json\/wp\/v2\/posts\/77083\/revisions\/77190"}],"wp:featuredmedia":[{"embeddable":true,"href":"https:\/\/www.swiss-aquatics.ch\/fr\/wp-json\/wp\/v2\/media\/77196"}],"wp:attachment":[{"href":"https:\/\/www.swiss-aquatics.ch\/fr\/wp-json\/wp\/v2\/media?parent=77083"}],"wp:term":[{"taxonomy":"category","embeddable":true,"href":"https:\/\/www.swiss-aquatics.ch\/fr\/wp-json\/wp\/v2\/categories?post=77083"},{"taxonomy":"post_tag","embeddable":true,"href":"https:\/\/www.swiss-aquatics.ch\/fr\/wp-json\/wp\/v2\/tags?post=77083"}],"curies":[{"name":"wp","href":"https:\/\/api.w.org\/{rel}","templated":true}]}}