{"id":82894,"date":"2025-04-09T09:21:53","date_gmt":"2025-04-09T07:21:53","guid":{"rendered":"https:\/\/www.swiss-aquatics.ch\/?p=82894"},"modified":"2025-04-09T09:40:20","modified_gmt":"2025-04-09T07:40:20","slug":"lequipe-nationale-u16-entame-la-phase-finale-de-preparation-pour-le-championnat-deurope","status":"publish","type":"post","link":"https:\/\/www.swiss-aquatics.ch\/fr\/lequipe-nationale-u16-entame-la-phase-finale-de-preparation-pour-le-championnat-deurope\/","title":{"rendered":"L&rsquo;\u00e9quipe nationale U16 entame la phase finale de pr\u00e9paration pour le championnat d&rsquo;Europe"},"content":{"rendered":"","protected":false},"excerpt":{"rendered":"","protected":false},"author":12,"featured_media":82887,"comment_status":"closed","ping_status":"closed","sticky":false,"template":"","format":"standard","meta":{"_acf_changed":false,"footnotes":""},"categories":[2,33],"tags":[],"class_list":["post-82894","post","type-post","status-publish","format-standard","has-post-thumbnail","hentry","category-federation","category-water-polo-fr"],"acf":[],"yoast_head":"<!-- This site is optimized with the Yoast SEO plugin v27.4 - https:\/\/yoast.com\/product\/yoast-seo-wordpress\/ -->\n<title>L&#039;\u00e9quipe nationale U16 entame la phase finale de pr\u00e9paration pour le championnat d&#039;Europe - Swiss Aquatics<\/title>\n<meta name=\"robots\" content=\"index, follow, max-snippet:-1, max-image-preview:large, max-video-preview:-1\" \/>\n<link rel=\"canonical\" href=\"https:\/\/www.swiss-aquatics.ch\/fr\/lequipe-nationale-u16-entame-la-phase-finale-de-preparation-pour-le-championnat-deurope\/\" \/>\n<meta property=\"og:locale\" content=\"fr_FR\" \/>\n<meta property=\"og:type\" content=\"article\" \/>\n<meta property=\"og:title\" content=\"L&#039;\u00e9quipe nationale U16 entame la phase finale de pr\u00e9paration pour le championnat d&#039;Europe - Swiss Aquatics\" \/>\n<meta property=\"og:url\" content=\"https:\/\/www.swiss-aquatics.ch\/fr\/lequipe-nationale-u16-entame-la-phase-finale-de-preparation-pour-le-championnat-deurope\/\" \/>\n<meta property=\"og:site_name\" content=\"Swiss Aquatics\" \/>\n<meta property=\"article:published_time\" content=\"2025-04-09T07:21:53+00:00\" \/>\n<meta property=\"article:modified_time\" content=\"2025-04-09T07:40:20+00:00\" \/>\n<meta property=\"og:image\" content=\"https:\/\/www.swiss-aquatics.ch\/wp-content\/uploads\/2025\/04\/WhatsApp-Image-2025-04-09-a-09.13.47_cc8ba8a4.jpg\" \/>\n\t<meta property=\"og:image:width\" content=\"1536\" \/>\n\t<meta property=\"og:image:height\" content=\"2048\" \/>\n\t<meta property=\"og:image:type\" content=\"image\/jpeg\" \/>\n<meta name=\"author\" content=\"Thomy Gross\" \/>\n<meta name=\"twitter:card\" content=\"summary_large_image\" \/>\n<meta name=\"twitter:label1\" content=\"\u00c9crit par\" \/>\n\t<meta name=\"twitter:data1\" content=\"Thomy Gross\" \/>\n\t<meta name=\"twitter:label2\" content=\"Dur\u00e9e de lecture estim\u00e9e\" \/>\n\t<meta name=\"twitter:data2\" content=\"2 minutes\" \/>\n<script type=\"application\/ld+json\" class=\"yoast-schema-graph\">{\"@context\":\"https:\\\/\\\/schema.org\",\"@graph\":[{\"@type\":\"Article\",\"@id\":\"https:\\\/\\\/www.swiss-aquatics.ch\\\/fr\\\/lequipe-nationale-u16-entame-la-phase-finale-de-preparation-pour-le-championnat-deurope\\\/#article\",\"isPartOf\":{\"@id\":\"https:\\\/\\\/www.swiss-aquatics.ch\\\/fr\\\/lequipe-nationale-u16-entame-la-phase-finale-de-preparation-pour-le-championnat-deurope\\\/\"},\"author\":{\"name\":\"Thomy Gross\",\"@id\":\"https:\\\/\\\/www.swiss-aquatics.ch\\\/fr\\\/#\\\/schema\\\/person\\\/9016c545aee4c0f13a75704481224a18\"},\"headline\":\"L&rsquo;\u00e9quipe nationale U16 entame la phase finale de pr\u00e9paration pour le championnat d&rsquo;Europe\",\"datePublished\":\"2025-04-09T07:21:53+00:00\",\"dateModified\":\"2025-04-09T07:40:20+00:00\",\"mainEntityOfPage\":{\"@id\":\"https:\\\/\\\/www.swiss-aquatics.ch\\\/fr\\\/lequipe-nationale-u16-entame-la-phase-finale-de-preparation-pour-le-championnat-deurope\\\/\"},\"wordCount\":16,\"publisher\":{\"@id\":\"https:\\\/\\\/www.swiss-aquatics.ch\\\/fr\\\/#organization\"},\"image\":{\"@id\":\"https:\\\/\\\/www.swiss-aquatics.ch\\\/fr\\\/lequipe-nationale-u16-entame-la-phase-finale-de-preparation-pour-le-championnat-deurope\\\/#primaryimage\"},\"thumbnailUrl\":\"https:\\\/\\\/www.swiss-aquatics.ch\\\/wp-content\\\/uploads\\\/2025\\\/04\\\/WhatsApp-Image-2025-04-09-a-09.13.47_cc8ba8a4.jpg\",\"articleSection\":[\"F\u00e9d\u00e9ration\",\"Water Polo\"],\"inLanguage\":\"fr-FR\"},{\"@type\":\"WebPage\",\"@id\":\"https:\\\/\\\/www.swiss-aquatics.ch\\\/fr\\\/lequipe-nationale-u16-entame-la-phase-finale-de-preparation-pour-le-championnat-deurope\\\/\",\"url\":\"https:\\\/\\\/www.swiss-aquatics.ch\\\/fr\\\/lequipe-nationale-u16-entame-la-phase-finale-de-preparation-pour-le-championnat-deurope\\\/\",\"name\":\"L'\u00e9quipe nationale U16 entame la phase finale de pr\u00e9paration pour le championnat d'Europe - Swiss Aquatics\",\"isPartOf\":{\"@id\":\"https:\\\/\\\/www.swiss-aquatics.ch\\\/fr\\\/#website\"},\"primaryImageOfPage\":{\"@id\":\"https:\\\/\\\/www.swiss-aquatics.ch\\\/fr\\\/lequipe-nationale-u16-entame-la-phase-finale-de-preparation-pour-le-championnat-deurope\\\/#primaryimage\"},\"image\":{\"@id\":\"https:\\\/\\\/www.swiss-aquatics.ch\\\/fr\\\/lequipe-nationale-u16-entame-la-phase-finale-de-preparation-pour-le-championnat-deurope\\\/#primaryimage\"},\"thumbnailUrl\":\"https:\\\/\\\/www.swiss-aquatics.ch\\\/wp-content\\\/uploads\\\/2025\\\/04\\\/WhatsApp-Image-2025-04-09-a-09.13.47_cc8ba8a4.jpg\",\"datePublished\":\"2025-04-09T07:21:53+00:00\",\"dateModified\":\"2025-04-09T07:40:20+00:00\",\"breadcrumb\":{\"@id\":\"https:\\\/\\\/www.swiss-aquatics.ch\\\/fr\\\/lequipe-nationale-u16-entame-la-phase-finale-de-preparation-pour-le-championnat-deurope\\\/#breadcrumb\"},\"inLanguage\":\"fr-FR\",\"potentialAction\":[{\"@type\":\"ReadAction\",\"target\":[\"https:\\\/\\\/www.swiss-aquatics.ch\\\/fr\\\/lequipe-nationale-u16-entame-la-phase-finale-de-preparation-pour-le-championnat-deurope\\\/\"]}]},{\"@type\":\"ImageObject\",\"inLanguage\":\"fr-FR\",\"@id\":\"https:\\\/\\\/www.swiss-aquatics.ch\\\/fr\\\/lequipe-nationale-u16-entame-la-phase-finale-de-preparation-pour-le-championnat-deurope\\\/#primaryimage\",\"url\":\"https:\\\/\\\/www.swiss-aquatics.ch\\\/wp-content\\\/uploads\\\/2025\\\/04\\\/WhatsApp-Image-2025-04-09-a-09.13.47_cc8ba8a4.jpg\",\"contentUrl\":\"https:\\\/\\\/www.swiss-aquatics.ch\\\/wp-content\\\/uploads\\\/2025\\\/04\\\/WhatsApp-Image-2025-04-09-a-09.13.47_cc8ba8a4.jpg\",\"width\":1536,\"height\":2048},{\"@type\":\"BreadcrumbList\",\"@id\":\"https:\\\/\\\/www.swiss-aquatics.ch\\\/fr\\\/lequipe-nationale-u16-entame-la-phase-finale-de-preparation-pour-le-championnat-deurope\\\/#breadcrumb\",\"itemListElement\":[{\"@type\":\"ListItem\",\"position\":1,\"name\":\"Page d'accueil\",\"item\":\"https:\\\/\\\/www.swiss-aquatics.ch\\\/fr\\\/\"},{\"@type\":\"ListItem\",\"position\":2,\"name\":\"L&#8217;\u00e9quipe nationale U16 entame la phase finale de pr\u00e9paration pour le championnat d&#8217;Europe\"}]},{\"@type\":\"WebSite\",\"@id\":\"https:\\\/\\\/www.swiss-aquatics.ch\\\/fr\\\/#website\",\"url\":\"https:\\\/\\\/www.swiss-aquatics.ch\\\/fr\\\/\",\"name\":\"Swiss Aquatics\",\"description\":\"\",\"publisher\":{\"@id\":\"https:\\\/\\\/www.swiss-aquatics.ch\\\/fr\\\/#organization\"},\"potentialAction\":[{\"@type\":\"SearchAction\",\"target\":{\"@type\":\"EntryPoint\",\"urlTemplate\":\"https:\\\/\\\/www.swiss-aquatics.ch\\\/fr\\\/?s={search_term_string}\"},\"query-input\":{\"@type\":\"PropertyValueSpecification\",\"valueRequired\":true,\"valueName\":\"search_term_string\"}}],\"inLanguage\":\"fr-FR\"},{\"@type\":\"Organization\",\"@id\":\"https:\\\/\\\/www.swiss-aquatics.ch\\\/fr\\\/#organization\",\"name\":\"Swiss Aquatics\",\"url\":\"https:\\\/\\\/www.swiss-aquatics.ch\\\/fr\\\/\",\"logo\":{\"@type\":\"ImageObject\",\"inLanguage\":\"fr-FR\",\"@id\":\"https:\\\/\\\/www.swiss-aquatics.ch\\\/fr\\\/#\\\/schema\\\/logo\\\/image\\\/\",\"url\":\"https:\\\/\\\/www.swiss-aquatics.ch\\\/wp-content\\\/uploads\\\/2020\\\/12\\\/logo.png\",\"contentUrl\":\"https:\\\/\\\/www.swiss-aquatics.ch\\\/wp-content\\\/uploads\\\/2020\\\/12\\\/logo.png\",\"width\":580,\"height\":58,\"caption\":\"Swiss Aquatics\"},\"image\":{\"@id\":\"https:\\\/\\\/www.swiss-aquatics.ch\\\/fr\\\/#\\\/schema\\\/logo\\\/image\\\/\"}},{\"@type\":\"Person\",\"@id\":\"https:\\\/\\\/www.swiss-aquatics.ch\\\/fr\\\/#\\\/schema\\\/person\\\/9016c545aee4c0f13a75704481224a18\",\"name\":\"Thomy Gross\",\"image\":{\"@type\":\"ImageObject\",\"inLanguage\":\"fr-FR\",\"@id\":\"https:\\\/\\\/secure.gravatar.com\\\/avatar\\\/379771574ea5285ed12a02f1aa6d4c3b140e494a8406d141a8724e9486ea1b7c?s=96&d=mm&r=g\",\"url\":\"https:\\\/\\\/secure.gravatar.com\\\/avatar\\\/379771574ea5285ed12a02f1aa6d4c3b140e494a8406d141a8724e9486ea1b7c?s=96&d=mm&r=g\",\"contentUrl\":\"https:\\\/\\\/secure.gravatar.com\\\/avatar\\\/379771574ea5285ed12a02f1aa6d4c3b140e494a8406d141a8724e9486ea1b7c?s=96&d=mm&r=g\",\"caption\":\"Thomy Gross\"}}]}<\/script>\n<!-- \/ Yoast SEO plugin. -->","yoast_head_json":{"title":"L'\u00e9quipe nationale U16 entame la phase finale de pr\u00e9paration pour le championnat d'Europe - Swiss Aquatics","robots":{"index":"index","follow":"follow","max-snippet":"max-snippet:-1","max-image-preview":"max-image-preview:large","max-video-preview":"max-video-preview:-1"},"canonical":"https:\/\/www.swiss-aquatics.ch\/fr\/lequipe-nationale-u16-entame-la-phase-finale-de-preparation-pour-le-championnat-deurope\/","og_locale":"fr_FR","og_type":"article","og_title":"L'\u00e9quipe nationale U16 entame la phase finale de pr\u00e9paration pour le championnat d'Europe - Swiss Aquatics","og_url":"https:\/\/www.swiss-aquatics.ch\/fr\/lequipe-nationale-u16-entame-la-phase-finale-de-preparation-pour-le-championnat-deurope\/","og_site_name":"Swiss Aquatics","article_published_time":"2025-04-09T07:21:53+00:00","article_modified_time":"2025-04-09T07:40:20+00:00","og_image":[{"width":1536,"height":2048,"url":"https:\/\/www.swiss-aquatics.ch\/wp-content\/uploads\/2025\/04\/WhatsApp-Image-2025-04-09-a-09.13.47_cc8ba8a4.jpg","type":"image\/jpeg"}],"author":"Thomy Gross","twitter_card":"summary_large_image","twitter_misc":{"\u00c9crit par":"Thomy Gross","Dur\u00e9e de lecture estim\u00e9e":"2 minutes"},"schema":{"@context":"https:\/\/schema.org","@graph":[{"@type":"Article","@id":"https:\/\/www.swiss-aquatics.ch\/fr\/lequipe-nationale-u16-entame-la-phase-finale-de-preparation-pour-le-championnat-deurope\/#article","isPartOf":{"@id":"https:\/\/www.swiss-aquatics.ch\/fr\/lequipe-nationale-u16-entame-la-phase-finale-de-preparation-pour-le-championnat-deurope\/"},"author":{"name":"Thomy Gross","@id":"https:\/\/www.swiss-aquatics.ch\/fr\/#\/schema\/person\/9016c545aee4c0f13a75704481224a18"},"headline":"L&rsquo;\u00e9quipe nationale U16 entame la phase finale de pr\u00e9paration pour le championnat d&rsquo;Europe","datePublished":"2025-04-09T07:21:53+00:00","dateModified":"2025-04-09T07:40:20+00:00","mainEntityOfPage":{"@id":"https:\/\/www.swiss-aquatics.ch\/fr\/lequipe-nationale-u16-entame-la-phase-finale-de-preparation-pour-le-championnat-deurope\/"},"wordCount":16,"publisher":{"@id":"https:\/\/www.swiss-aquatics.ch\/fr\/#organization"},"image":{"@id":"https:\/\/www.swiss-aquatics.ch\/fr\/lequipe-nationale-u16-entame-la-phase-finale-de-preparation-pour-le-championnat-deurope\/#primaryimage"},"thumbnailUrl":"https:\/\/www.swiss-aquatics.ch\/wp-content\/uploads\/2025\/04\/WhatsApp-Image-2025-04-09-a-09.13.47_cc8ba8a4.jpg","articleSection":["F\u00e9d\u00e9ration","Water Polo"],"inLanguage":"fr-FR"},{"@type":"WebPage","@id":"https:\/\/www.swiss-aquatics.ch\/fr\/lequipe-nationale-u16-entame-la-phase-finale-de-preparation-pour-le-championnat-deurope\/","url":"https:\/\/www.swiss-aquatics.ch\/fr\/lequipe-nationale-u16-entame-la-phase-finale-de-preparation-pour-le-championnat-deurope\/","name":"L'\u00e9quipe nationale U16 entame la phase finale de pr\u00e9paration pour le championnat d'Europe - Swiss Aquatics","isPartOf":{"@id":"https:\/\/www.swiss-aquatics.ch\/fr\/#website"},"primaryImageOfPage":{"@id":"https:\/\/www.swiss-aquatics.ch\/fr\/lequipe-nationale-u16-entame-la-phase-finale-de-preparation-pour-le-championnat-deurope\/#primaryimage"},"image":{"@id":"https:\/\/www.swiss-aquatics.ch\/fr\/lequipe-nationale-u16-entame-la-phase-finale-de-preparation-pour-le-championnat-deurope\/#primaryimage"},"thumbnailUrl":"https:\/\/www.swiss-aquatics.ch\/wp-content\/uploads\/2025\/04\/WhatsApp-Image-2025-04-09-a-09.13.47_cc8ba8a4.jpg","datePublished":"2025-04-09T07:21:53+00:00","dateModified":"2025-04-09T07:40:20+00:00","breadcrumb":{"@id":"https:\/\/www.swiss-aquatics.ch\/fr\/lequipe-nationale-u16-entame-la-phase-finale-de-preparation-pour-le-championnat-deurope\/#breadcrumb"},"inLanguage":"fr-FR","potentialAction":[{"@type":"ReadAction","target":["https:\/\/www.swiss-aquatics.ch\/fr\/lequipe-nationale-u16-entame-la-phase-finale-de-preparation-pour-le-championnat-deurope\/"]}]},{"@type":"ImageObject","inLanguage":"fr-FR","@id":"https:\/\/www.swiss-aquatics.ch\/fr\/lequipe-nationale-u16-entame-la-phase-finale-de-preparation-pour-le-championnat-deurope\/#primaryimage","url":"https:\/\/www.swiss-aquatics.ch\/wp-content\/uploads\/2025\/04\/WhatsApp-Image-2025-04-09-a-09.13.47_cc8ba8a4.jpg","contentUrl":"https:\/\/www.swiss-aquatics.ch\/wp-content\/uploads\/2025\/04\/WhatsApp-Image-2025-04-09-a-09.13.47_cc8ba8a4.jpg","width":1536,"height":2048},{"@type":"BreadcrumbList","@id":"https:\/\/www.swiss-aquatics.ch\/fr\/lequipe-nationale-u16-entame-la-phase-finale-de-preparation-pour-le-championnat-deurope\/#breadcrumb","itemListElement":[{"@type":"ListItem","position":1,"name":"Page d'accueil","item":"https:\/\/www.swiss-aquatics.ch\/fr\/"},{"@type":"ListItem","position":2,"name":"L&#8217;\u00e9quipe nationale U16 entame la phase finale de pr\u00e9paration pour le championnat d&#8217;Europe"}]},{"@type":"WebSite","@id":"https:\/\/www.swiss-aquatics.ch\/fr\/#website","url":"https:\/\/www.swiss-aquatics.ch\/fr\/","name":"Swiss Aquatics","description":"","publisher":{"@id":"https:\/\/www.swiss-aquatics.ch\/fr\/#organization"},"potentialAction":[{"@type":"SearchAction","target":{"@type":"EntryPoint","urlTemplate":"https:\/\/www.swiss-aquatics.ch\/fr\/?s={search_term_string}"},"query-input":{"@type":"PropertyValueSpecification","valueRequired":true,"valueName":"search_term_string"}}],"inLanguage":"fr-FR"},{"@type":"Organization","@id":"https:\/\/www.swiss-aquatics.ch\/fr\/#organization","name":"Swiss Aquatics","url":"https:\/\/www.swiss-aquatics.ch\/fr\/","logo":{"@type":"ImageObject","inLanguage":"fr-FR","@id":"https:\/\/www.swiss-aquatics.ch\/fr\/#\/schema\/logo\/image\/","url":"https:\/\/www.swiss-aquatics.ch\/wp-content\/uploads\/2020\/12\/logo.png","contentUrl":"https:\/\/www.swiss-aquatics.ch\/wp-content\/uploads\/2020\/12\/logo.png","width":580,"height":58,"caption":"Swiss Aquatics"},"image":{"@id":"https:\/\/www.swiss-aquatics.ch\/fr\/#\/schema\/logo\/image\/"}},{"@type":"Person","@id":"https:\/\/www.swiss-aquatics.ch\/fr\/#\/schema\/person\/9016c545aee4c0f13a75704481224a18","name":"Thomy Gross","image":{"@type":"ImageObject","inLanguage":"fr-FR","@id":"https:\/\/secure.gravatar.com\/avatar\/379771574ea5285ed12a02f1aa6d4c3b140e494a8406d141a8724e9486ea1b7c?s=96&d=mm&r=g","url":"https:\/\/secure.gravatar.com\/avatar\/379771574ea5285ed12a02f1aa6d4c3b140e494a8406d141a8724e9486ea1b7c?s=96&d=mm&r=g","contentUrl":"https:\/\/secure.gravatar.com\/avatar\/379771574ea5285ed12a02f1aa6d4c3b140e494a8406d141a8724e9486ea1b7c?s=96&d=mm&r=g","caption":"Thomy Gross"}}]}},"_links":{"self":[{"href":"https:\/\/www.swiss-aquatics.ch\/fr\/wp-json\/wp\/v2\/posts\/82894","targetHints":{"allow":["GET"]}}],"collection":[{"href":"https:\/\/www.swiss-aquatics.ch\/fr\/wp-json\/wp\/v2\/posts"}],"about":[{"href":"https:\/\/www.swiss-aquatics.ch\/fr\/wp-json\/wp\/v2\/types\/post"}],"author":[{"embeddable":true,"href":"https:\/\/www.swiss-aquatics.ch\/fr\/wp-json\/wp\/v2\/users\/12"}],"replies":[{"embeddable":true,"href":"https:\/\/www.swiss-aquatics.ch\/fr\/wp-json\/wp\/v2\/comments?post=82894"}],"version-history":[{"count":3,"href":"https:\/\/www.swiss-aquatics.ch\/fr\/wp-json\/wp\/v2\/posts\/82894\/revisions"}],"predecessor-version":[{"id":82902,"href":"https:\/\/www.swiss-aquatics.ch\/fr\/wp-json\/wp\/v2\/posts\/82894\/revisions\/82902"}],"wp:featuredmedia":[{"embeddable":true,"href":"https:\/\/www.swiss-aquatics.ch\/fr\/wp-json\/wp\/v2\/media\/82887"}],"wp:attachment":[{"href":"https:\/\/www.swiss-aquatics.ch\/fr\/wp-json\/wp\/v2\/media?parent=82894"}],"wp:term":[{"taxonomy":"category","embeddable":true,"href":"https:\/\/www.swiss-aquatics.ch\/fr\/wp-json\/wp\/v2\/categories?post=82894"},{"taxonomy":"post_tag","embeddable":true,"href":"https:\/\/www.swiss-aquatics.ch\/fr\/wp-json\/wp\/v2\/tags?post=82894"}],"curies":[{"name":"wp","href":"https:\/\/api.w.org\/{rel}","templated":true}]}}