{"id":82966,"date":"2025-04-10T12:23:02","date_gmt":"2025-04-10T10:23:02","guid":{"rendered":"https:\/\/www.swiss-aquatics.ch\/?p=82966"},"modified":"2025-04-10T12:23:25","modified_gmt":"2025-04-10T10:23:25","slug":"les-jeux-olympiques-de-2028-le-cio-elargit-le-programme-de-natation","status":"publish","type":"post","link":"https:\/\/www.swiss-aquatics.ch\/fr\/les-jeux-olympiques-de-2028-le-cio-elargit-le-programme-de-natation\/","title":{"rendered":"Les Jeux Olympiques de 2028 : Le CIO \u00e9largit le programme de natation"},"content":{"rendered":"","protected":false},"excerpt":{"rendered":"","protected":false},"author":35,"featured_media":78015,"comment_status":"closed","ping_status":"closed","sticky":false,"template":"","format":"standard","meta":{"_acf_changed":false,"footnotes":""},"categories":[2,30,33],"tags":[],"class_list":["post-82966","post","type-post","status-publish","format-standard","has-post-thumbnail","hentry","category-federation","category-swimming-fr","category-water-polo-fr"],"acf":[],"yoast_head":"<!-- This site is optimized with the Yoast SEO plugin v27.4 - https:\/\/yoast.com\/product\/yoast-seo-wordpress\/ -->\n<title>Les Jeux Olympiques de 2028 : Le CIO \u00e9largit le programme de natation - Swiss Aquatics<\/title>\n<meta name=\"robots\" content=\"index, follow, max-snippet:-1, max-image-preview:large, max-video-preview:-1\" \/>\n<link rel=\"canonical\" href=\"https:\/\/www.swiss-aquatics.ch\/fr\/les-jeux-olympiques-de-2028-le-cio-elargit-le-programme-de-natation\/\" \/>\n<meta property=\"og:locale\" content=\"fr_FR\" \/>\n<meta property=\"og:type\" content=\"article\" \/>\n<meta property=\"og:title\" content=\"Les Jeux Olympiques de 2028 : Le CIO \u00e9largit le programme de natation - Swiss Aquatics\" \/>\n<meta property=\"og:url\" content=\"https:\/\/www.swiss-aquatics.ch\/fr\/les-jeux-olympiques-de-2028-le-cio-elargit-le-programme-de-natation\/\" \/>\n<meta property=\"og:site_name\" content=\"Swiss Aquatics\" \/>\n<meta property=\"article:published_time\" content=\"2025-04-10T10:23:02+00:00\" \/>\n<meta property=\"article:modified_time\" content=\"2025-04-10T10:23:25+00:00\" \/>\n<meta property=\"og:image\" content=\"https:\/\/www.swiss-aquatics.ch\/wp-content\/uploads\/2024\/12\/Roman-MITYUKOV_20240801_08662_a.jpg\" \/>\n\t<meta property=\"og:image:width\" content=\"1500\" \/>\n\t<meta property=\"og:image:height\" content=\"1000\" \/>\n\t<meta property=\"og:image:type\" content=\"image\/jpeg\" \/>\n<meta name=\"author\" content=\"Tanja Moos\" \/>\n<meta name=\"twitter:card\" content=\"summary_large_image\" \/>\n<meta name=\"twitter:label1\" content=\"\u00c9crit par\" \/>\n\t<meta name=\"twitter:data1\" content=\"Tanja Moos\" \/>\n\t<meta name=\"twitter:label2\" content=\"Dur\u00e9e de lecture estim\u00e9e\" \/>\n\t<meta name=\"twitter:data2\" content=\"3 minutes\" \/>\n<script type=\"application\/ld+json\" class=\"yoast-schema-graph\">{\"@context\":\"https:\\\/\\\/schema.org\",\"@graph\":[{\"@type\":\"Article\",\"@id\":\"https:\\\/\\\/www.swiss-aquatics.ch\\\/fr\\\/les-jeux-olympiques-de-2028-le-cio-elargit-le-programme-de-natation\\\/#article\",\"isPartOf\":{\"@id\":\"https:\\\/\\\/www.swiss-aquatics.ch\\\/fr\\\/les-jeux-olympiques-de-2028-le-cio-elargit-le-programme-de-natation\\\/\"},\"author\":{\"name\":\"Tanja Moos\",\"@id\":\"https:\\\/\\\/www.swiss-aquatics.ch\\\/fr\\\/#\\\/schema\\\/person\\\/bc94b03d42734c724d2c97b0aa4d9b6f\"},\"headline\":\"Les Jeux Olympiques de 2028 : Le CIO \u00e9largit le programme de natation\",\"datePublished\":\"2025-04-10T10:23:02+00:00\",\"dateModified\":\"2025-04-10T10:23:25+00:00\",\"mainEntityOfPage\":{\"@id\":\"https:\\\/\\\/www.swiss-aquatics.ch\\\/fr\\\/les-jeux-olympiques-de-2028-le-cio-elargit-le-programme-de-natation\\\/\"},\"wordCount\":11,\"publisher\":{\"@id\":\"https:\\\/\\\/www.swiss-aquatics.ch\\\/fr\\\/#organization\"},\"image\":{\"@id\":\"https:\\\/\\\/www.swiss-aquatics.ch\\\/fr\\\/les-jeux-olympiques-de-2028-le-cio-elargit-le-programme-de-natation\\\/#primaryimage\"},\"thumbnailUrl\":\"https:\\\/\\\/www.swiss-aquatics.ch\\\/wp-content\\\/uploads\\\/2024\\\/12\\\/Roman-MITYUKOV_20240801_08662_a.jpg\",\"articleSection\":[\"F\u00e9d\u00e9ration\",\"Swimming\",\"Water Polo\"],\"inLanguage\":\"fr-FR\"},{\"@type\":\"WebPage\",\"@id\":\"https:\\\/\\\/www.swiss-aquatics.ch\\\/fr\\\/les-jeux-olympiques-de-2028-le-cio-elargit-le-programme-de-natation\\\/\",\"url\":\"https:\\\/\\\/www.swiss-aquatics.ch\\\/fr\\\/les-jeux-olympiques-de-2028-le-cio-elargit-le-programme-de-natation\\\/\",\"name\":\"Les Jeux Olympiques de 2028 : Le CIO \u00e9largit le programme de natation - Swiss Aquatics\",\"isPartOf\":{\"@id\":\"https:\\\/\\\/www.swiss-aquatics.ch\\\/fr\\\/#website\"},\"primaryImageOfPage\":{\"@id\":\"https:\\\/\\\/www.swiss-aquatics.ch\\\/fr\\\/les-jeux-olympiques-de-2028-le-cio-elargit-le-programme-de-natation\\\/#primaryimage\"},\"image\":{\"@id\":\"https:\\\/\\\/www.swiss-aquatics.ch\\\/fr\\\/les-jeux-olympiques-de-2028-le-cio-elargit-le-programme-de-natation\\\/#primaryimage\"},\"thumbnailUrl\":\"https:\\\/\\\/www.swiss-aquatics.ch\\\/wp-content\\\/uploads\\\/2024\\\/12\\\/Roman-MITYUKOV_20240801_08662_a.jpg\",\"datePublished\":\"2025-04-10T10:23:02+00:00\",\"dateModified\":\"2025-04-10T10:23:25+00:00\",\"breadcrumb\":{\"@id\":\"https:\\\/\\\/www.swiss-aquatics.ch\\\/fr\\\/les-jeux-olympiques-de-2028-le-cio-elargit-le-programme-de-natation\\\/#breadcrumb\"},\"inLanguage\":\"fr-FR\",\"potentialAction\":[{\"@type\":\"ReadAction\",\"target\":[\"https:\\\/\\\/www.swiss-aquatics.ch\\\/fr\\\/les-jeux-olympiques-de-2028-le-cio-elargit-le-programme-de-natation\\\/\"]}]},{\"@type\":\"ImageObject\",\"inLanguage\":\"fr-FR\",\"@id\":\"https:\\\/\\\/www.swiss-aquatics.ch\\\/fr\\\/les-jeux-olympiques-de-2028-le-cio-elargit-le-programme-de-natation\\\/#primaryimage\",\"url\":\"https:\\\/\\\/www.swiss-aquatics.ch\\\/wp-content\\\/uploads\\\/2024\\\/12\\\/Roman-MITYUKOV_20240801_08662_a.jpg\",\"contentUrl\":\"https:\\\/\\\/www.swiss-aquatics.ch\\\/wp-content\\\/uploads\\\/2024\\\/12\\\/Roman-MITYUKOV_20240801_08662_a.jpg\",\"width\":1500,\"height\":1000,\"caption\":\"Roman MITYUKOV of Switzerland with his Bronze medal and a Swiss flag on his lap of honor after the medal ceremony for the Men's 200m Backstroke Final during the Swimming competition held at the La Defense Arena during the Paris 2024 Olympic Games in Paris, France, Thursday, Aug. 1, 2024. (Photo by Patrick B. Kraemer \\\/ MAGICPBK)\"},{\"@type\":\"BreadcrumbList\",\"@id\":\"https:\\\/\\\/www.swiss-aquatics.ch\\\/fr\\\/les-jeux-olympiques-de-2028-le-cio-elargit-le-programme-de-natation\\\/#breadcrumb\",\"itemListElement\":[{\"@type\":\"ListItem\",\"position\":1,\"name\":\"Page d'accueil\",\"item\":\"https:\\\/\\\/www.swiss-aquatics.ch\\\/fr\\\/\"},{\"@type\":\"ListItem\",\"position\":2,\"name\":\"Les Jeux Olympiques de 2028 : Le CIO \u00e9largit le programme de natation\"}]},{\"@type\":\"WebSite\",\"@id\":\"https:\\\/\\\/www.swiss-aquatics.ch\\\/fr\\\/#website\",\"url\":\"https:\\\/\\\/www.swiss-aquatics.ch\\\/fr\\\/\",\"name\":\"Swiss Aquatics\",\"description\":\"\",\"publisher\":{\"@id\":\"https:\\\/\\\/www.swiss-aquatics.ch\\\/fr\\\/#organization\"},\"potentialAction\":[{\"@type\":\"SearchAction\",\"target\":{\"@type\":\"EntryPoint\",\"urlTemplate\":\"https:\\\/\\\/www.swiss-aquatics.ch\\\/fr\\\/?s={search_term_string}\"},\"query-input\":{\"@type\":\"PropertyValueSpecification\",\"valueRequired\":true,\"valueName\":\"search_term_string\"}}],\"inLanguage\":\"fr-FR\"},{\"@type\":\"Organization\",\"@id\":\"https:\\\/\\\/www.swiss-aquatics.ch\\\/fr\\\/#organization\",\"name\":\"Swiss Aquatics\",\"url\":\"https:\\\/\\\/www.swiss-aquatics.ch\\\/fr\\\/\",\"logo\":{\"@type\":\"ImageObject\",\"inLanguage\":\"fr-FR\",\"@id\":\"https:\\\/\\\/www.swiss-aquatics.ch\\\/fr\\\/#\\\/schema\\\/logo\\\/image\\\/\",\"url\":\"https:\\\/\\\/www.swiss-aquatics.ch\\\/wp-content\\\/uploads\\\/2020\\\/12\\\/logo.png\",\"contentUrl\":\"https:\\\/\\\/www.swiss-aquatics.ch\\\/wp-content\\\/uploads\\\/2020\\\/12\\\/logo.png\",\"width\":580,\"height\":58,\"caption\":\"Swiss Aquatics\"},\"image\":{\"@id\":\"https:\\\/\\\/www.swiss-aquatics.ch\\\/fr\\\/#\\\/schema\\\/logo\\\/image\\\/\"}},{\"@type\":\"Person\",\"@id\":\"https:\\\/\\\/www.swiss-aquatics.ch\\\/fr\\\/#\\\/schema\\\/person\\\/bc94b03d42734c724d2c97b0aa4d9b6f\",\"name\":\"Tanja Moos\",\"image\":{\"@type\":\"ImageObject\",\"inLanguage\":\"fr-FR\",\"@id\":\"https:\\\/\\\/secure.gravatar.com\\\/avatar\\\/ad7845859efe81fad0bc8561449016d7d512fdf97acf210c0691fc436e965f5c?s=96&d=mm&r=g\",\"url\":\"https:\\\/\\\/secure.gravatar.com\\\/avatar\\\/ad7845859efe81fad0bc8561449016d7d512fdf97acf210c0691fc436e965f5c?s=96&d=mm&r=g\",\"contentUrl\":\"https:\\\/\\\/secure.gravatar.com\\\/avatar\\\/ad7845859efe81fad0bc8561449016d7d512fdf97acf210c0691fc436e965f5c?s=96&d=mm&r=g\",\"caption\":\"Tanja Moos\"}}]}<\/script>\n<!-- \/ Yoast SEO plugin. -->","yoast_head_json":{"title":"Les Jeux Olympiques de 2028 : Le CIO \u00e9largit le programme de natation - Swiss Aquatics","robots":{"index":"index","follow":"follow","max-snippet":"max-snippet:-1","max-image-preview":"max-image-preview:large","max-video-preview":"max-video-preview:-1"},"canonical":"https:\/\/www.swiss-aquatics.ch\/fr\/les-jeux-olympiques-de-2028-le-cio-elargit-le-programme-de-natation\/","og_locale":"fr_FR","og_type":"article","og_title":"Les Jeux Olympiques de 2028 : Le CIO \u00e9largit le programme de natation - Swiss Aquatics","og_url":"https:\/\/www.swiss-aquatics.ch\/fr\/les-jeux-olympiques-de-2028-le-cio-elargit-le-programme-de-natation\/","og_site_name":"Swiss Aquatics","article_published_time":"2025-04-10T10:23:02+00:00","article_modified_time":"2025-04-10T10:23:25+00:00","og_image":[{"width":1500,"height":1000,"url":"https:\/\/www.swiss-aquatics.ch\/wp-content\/uploads\/2024\/12\/Roman-MITYUKOV_20240801_08662_a.jpg","type":"image\/jpeg"}],"author":"Tanja Moos","twitter_card":"summary_large_image","twitter_misc":{"\u00c9crit par":"Tanja Moos","Dur\u00e9e de lecture estim\u00e9e":"3 minutes"},"schema":{"@context":"https:\/\/schema.org","@graph":[{"@type":"Article","@id":"https:\/\/www.swiss-aquatics.ch\/fr\/les-jeux-olympiques-de-2028-le-cio-elargit-le-programme-de-natation\/#article","isPartOf":{"@id":"https:\/\/www.swiss-aquatics.ch\/fr\/les-jeux-olympiques-de-2028-le-cio-elargit-le-programme-de-natation\/"},"author":{"name":"Tanja Moos","@id":"https:\/\/www.swiss-aquatics.ch\/fr\/#\/schema\/person\/bc94b03d42734c724d2c97b0aa4d9b6f"},"headline":"Les Jeux Olympiques de 2028 : Le CIO \u00e9largit le programme de natation","datePublished":"2025-04-10T10:23:02+00:00","dateModified":"2025-04-10T10:23:25+00:00","mainEntityOfPage":{"@id":"https:\/\/www.swiss-aquatics.ch\/fr\/les-jeux-olympiques-de-2028-le-cio-elargit-le-programme-de-natation\/"},"wordCount":11,"publisher":{"@id":"https:\/\/www.swiss-aquatics.ch\/fr\/#organization"},"image":{"@id":"https:\/\/www.swiss-aquatics.ch\/fr\/les-jeux-olympiques-de-2028-le-cio-elargit-le-programme-de-natation\/#primaryimage"},"thumbnailUrl":"https:\/\/www.swiss-aquatics.ch\/wp-content\/uploads\/2024\/12\/Roman-MITYUKOV_20240801_08662_a.jpg","articleSection":["F\u00e9d\u00e9ration","Swimming","Water Polo"],"inLanguage":"fr-FR"},{"@type":"WebPage","@id":"https:\/\/www.swiss-aquatics.ch\/fr\/les-jeux-olympiques-de-2028-le-cio-elargit-le-programme-de-natation\/","url":"https:\/\/www.swiss-aquatics.ch\/fr\/les-jeux-olympiques-de-2028-le-cio-elargit-le-programme-de-natation\/","name":"Les Jeux Olympiques de 2028 : Le CIO \u00e9largit le programme de natation - Swiss Aquatics","isPartOf":{"@id":"https:\/\/www.swiss-aquatics.ch\/fr\/#website"},"primaryImageOfPage":{"@id":"https:\/\/www.swiss-aquatics.ch\/fr\/les-jeux-olympiques-de-2028-le-cio-elargit-le-programme-de-natation\/#primaryimage"},"image":{"@id":"https:\/\/www.swiss-aquatics.ch\/fr\/les-jeux-olympiques-de-2028-le-cio-elargit-le-programme-de-natation\/#primaryimage"},"thumbnailUrl":"https:\/\/www.swiss-aquatics.ch\/wp-content\/uploads\/2024\/12\/Roman-MITYUKOV_20240801_08662_a.jpg","datePublished":"2025-04-10T10:23:02+00:00","dateModified":"2025-04-10T10:23:25+00:00","breadcrumb":{"@id":"https:\/\/www.swiss-aquatics.ch\/fr\/les-jeux-olympiques-de-2028-le-cio-elargit-le-programme-de-natation\/#breadcrumb"},"inLanguage":"fr-FR","potentialAction":[{"@type":"ReadAction","target":["https:\/\/www.swiss-aquatics.ch\/fr\/les-jeux-olympiques-de-2028-le-cio-elargit-le-programme-de-natation\/"]}]},{"@type":"ImageObject","inLanguage":"fr-FR","@id":"https:\/\/www.swiss-aquatics.ch\/fr\/les-jeux-olympiques-de-2028-le-cio-elargit-le-programme-de-natation\/#primaryimage","url":"https:\/\/www.swiss-aquatics.ch\/wp-content\/uploads\/2024\/12\/Roman-MITYUKOV_20240801_08662_a.jpg","contentUrl":"https:\/\/www.swiss-aquatics.ch\/wp-content\/uploads\/2024\/12\/Roman-MITYUKOV_20240801_08662_a.jpg","width":1500,"height":1000,"caption":"Roman MITYUKOV of Switzerland with his Bronze medal and a Swiss flag on his lap of honor after the medal ceremony for the Men's 200m Backstroke Final during the Swimming competition held at the La Defense Arena during the Paris 2024 Olympic Games in Paris, France, Thursday, Aug. 1, 2024. (Photo by Patrick B. Kraemer \/ MAGICPBK)"},{"@type":"BreadcrumbList","@id":"https:\/\/www.swiss-aquatics.ch\/fr\/les-jeux-olympiques-de-2028-le-cio-elargit-le-programme-de-natation\/#breadcrumb","itemListElement":[{"@type":"ListItem","position":1,"name":"Page d'accueil","item":"https:\/\/www.swiss-aquatics.ch\/fr\/"},{"@type":"ListItem","position":2,"name":"Les Jeux Olympiques de 2028 : Le CIO \u00e9largit le programme de natation"}]},{"@type":"WebSite","@id":"https:\/\/www.swiss-aquatics.ch\/fr\/#website","url":"https:\/\/www.swiss-aquatics.ch\/fr\/","name":"Swiss Aquatics","description":"","publisher":{"@id":"https:\/\/www.swiss-aquatics.ch\/fr\/#organization"},"potentialAction":[{"@type":"SearchAction","target":{"@type":"EntryPoint","urlTemplate":"https:\/\/www.swiss-aquatics.ch\/fr\/?s={search_term_string}"},"query-input":{"@type":"PropertyValueSpecification","valueRequired":true,"valueName":"search_term_string"}}],"inLanguage":"fr-FR"},{"@type":"Organization","@id":"https:\/\/www.swiss-aquatics.ch\/fr\/#organization","name":"Swiss Aquatics","url":"https:\/\/www.swiss-aquatics.ch\/fr\/","logo":{"@type":"ImageObject","inLanguage":"fr-FR","@id":"https:\/\/www.swiss-aquatics.ch\/fr\/#\/schema\/logo\/image\/","url":"https:\/\/www.swiss-aquatics.ch\/wp-content\/uploads\/2020\/12\/logo.png","contentUrl":"https:\/\/www.swiss-aquatics.ch\/wp-content\/uploads\/2020\/12\/logo.png","width":580,"height":58,"caption":"Swiss Aquatics"},"image":{"@id":"https:\/\/www.swiss-aquatics.ch\/fr\/#\/schema\/logo\/image\/"}},{"@type":"Person","@id":"https:\/\/www.swiss-aquatics.ch\/fr\/#\/schema\/person\/bc94b03d42734c724d2c97b0aa4d9b6f","name":"Tanja Moos","image":{"@type":"ImageObject","inLanguage":"fr-FR","@id":"https:\/\/secure.gravatar.com\/avatar\/ad7845859efe81fad0bc8561449016d7d512fdf97acf210c0691fc436e965f5c?s=96&d=mm&r=g","url":"https:\/\/secure.gravatar.com\/avatar\/ad7845859efe81fad0bc8561449016d7d512fdf97acf210c0691fc436e965f5c?s=96&d=mm&r=g","contentUrl":"https:\/\/secure.gravatar.com\/avatar\/ad7845859efe81fad0bc8561449016d7d512fdf97acf210c0691fc436e965f5c?s=96&d=mm&r=g","caption":"Tanja Moos"}}]}},"_links":{"self":[{"href":"https:\/\/www.swiss-aquatics.ch\/fr\/wp-json\/wp\/v2\/posts\/82966","targetHints":{"allow":["GET"]}}],"collection":[{"href":"https:\/\/www.swiss-aquatics.ch\/fr\/wp-json\/wp\/v2\/posts"}],"about":[{"href":"https:\/\/www.swiss-aquatics.ch\/fr\/wp-json\/wp\/v2\/types\/post"}],"author":[{"embeddable":true,"href":"https:\/\/www.swiss-aquatics.ch\/fr\/wp-json\/wp\/v2\/users\/35"}],"replies":[{"embeddable":true,"href":"https:\/\/www.swiss-aquatics.ch\/fr\/wp-json\/wp\/v2\/comments?post=82966"}],"version-history":[{"count":2,"href":"https:\/\/www.swiss-aquatics.ch\/fr\/wp-json\/wp\/v2\/posts\/82966\/revisions"}],"predecessor-version":[{"id":82970,"href":"https:\/\/www.swiss-aquatics.ch\/fr\/wp-json\/wp\/v2\/posts\/82966\/revisions\/82970"}],"wp:featuredmedia":[{"embeddable":true,"href":"https:\/\/www.swiss-aquatics.ch\/fr\/wp-json\/wp\/v2\/media\/78015"}],"wp:attachment":[{"href":"https:\/\/www.swiss-aquatics.ch\/fr\/wp-json\/wp\/v2\/media?parent=82966"}],"wp:term":[{"taxonomy":"category","embeddable":true,"href":"https:\/\/www.swiss-aquatics.ch\/fr\/wp-json\/wp\/v2\/categories?post=82966"},{"taxonomy":"post_tag","embeddable":true,"href":"https:\/\/www.swiss-aquatics.ch\/fr\/wp-json\/wp\/v2\/tags?post=82966"}],"curies":[{"name":"wp","href":"https:\/\/api.w.org\/{rel}","templated":true}]}}