{"id":88085,"date":"2025-07-09T18:39:14","date_gmt":"2025-07-09T16:39:14","guid":{"rendered":"https:\/\/www.swiss-aquatics.ch\/?p=88085"},"modified":"2025-07-09T18:39:14","modified_gmt":"2025-07-09T16:39:14","slug":"championnats-suisses-dete-2025-finale-nationale-de-la-saison-a-lausanne","status":"publish","type":"post","link":"https:\/\/www.swiss-aquatics.ch\/fr\/championnats-suisses-dete-2025-finale-nationale-de-la-saison-a-lausanne\/","title":{"rendered":"Championnats Suisses d\u2019\u00c9t\u00e9 2025 : Finale nationale de la saison \u00e0 Lausanne"},"content":{"rendered":"","protected":false},"excerpt":{"rendered":"","protected":false},"author":515,"featured_media":87113,"comment_status":"closed","ping_status":"closed","sticky":false,"template":"","format":"standard","meta":{"_acf_changed":false,"footnotes":""},"categories":[2,30],"tags":[],"class_list":["post-88085","post","type-post","status-publish","format-standard","has-post-thumbnail","hentry","category-federation","category-swimming-fr"],"acf":[],"yoast_head":"<!-- This site is optimized with the Yoast SEO plugin v27.5 - https:\/\/yoast.com\/product\/yoast-seo-wordpress\/ -->\n<title>Championnats Suisses d\u2019\u00c9t\u00e9 2025 : Finale nationale de la saison \u00e0 Lausanne - Swiss Aquatics<\/title>\n<meta name=\"description\" content=\"Championnats Suisses de natation 2025 \u00e0 Lausanne : Finale nationale de la saison open\" \/>\n<meta name=\"robots\" content=\"index, follow, max-snippet:-1, max-image-preview:large, max-video-preview:-1\" \/>\n<link rel=\"canonical\" href=\"https:\/\/www.swiss-aquatics.ch\/fr\/championnats-suisses-dete-2025-finale-nationale-de-la-saison-a-lausanne\/\" \/>\n<meta property=\"og:locale\" content=\"fr_FR\" \/>\n<meta property=\"og:type\" content=\"article\" \/>\n<meta property=\"og:title\" content=\"Championnats Suisses d\u2019\u00c9t\u00e9 2025 : Finale nationale de la saison \u00e0 Lausanne - Swiss Aquatics\" \/>\n<meta property=\"og:description\" content=\"Championnats Suisses de natation 2025 \u00e0 Lausanne : Finale nationale de la saison open\" \/>\n<meta property=\"og:url\" content=\"https:\/\/www.swiss-aquatics.ch\/fr\/championnats-suisses-dete-2025-finale-nationale-de-la-saison-a-lausanne\/\" \/>\n<meta property=\"og:site_name\" content=\"Swiss Aquatics\" \/>\n<meta property=\"article:published_time\" content=\"2025-07-09T16:39:14+00:00\" \/>\n<meta property=\"og:image\" content=\"https:\/\/www.swiss-aquatics.ch\/wp-content\/uploads\/2025\/06\/Gaia-RASMUSSEN_20250626_01638.jpg\" \/>\n\t<meta property=\"og:image:width\" content=\"1200\" \/>\n\t<meta property=\"og:image:height\" content=\"800\" \/>\n\t<meta property=\"og:image:type\" content=\"image\/jpeg\" \/>\n<meta name=\"author\" content=\"Yel\u00e9in Cheriff\" \/>\n<meta name=\"twitter:card\" content=\"summary_large_image\" \/>\n<meta name=\"twitter:label1\" content=\"\u00c9crit par\" \/>\n\t<meta name=\"twitter:data1\" content=\"Yel\u00e9in Cheriff\" \/>\n\t<meta name=\"twitter:label2\" content=\"Dur\u00e9e de lecture estim\u00e9e\" \/>\n\t<meta name=\"twitter:data2\" content=\"2 minutes\" \/>\n<script type=\"application\/ld+json\" class=\"yoast-schema-graph\">{\"@context\":\"https:\\\/\\\/schema.org\",\"@graph\":[{\"@type\":\"Article\",\"@id\":\"https:\\\/\\\/www.swiss-aquatics.ch\\\/fr\\\/championnats-suisses-dete-2025-finale-nationale-de-la-saison-a-lausanne\\\/#article\",\"isPartOf\":{\"@id\":\"https:\\\/\\\/www.swiss-aquatics.ch\\\/fr\\\/championnats-suisses-dete-2025-finale-nationale-de-la-saison-a-lausanne\\\/\"},\"author\":{\"name\":\"Yel\u00e9in Cheriff\",\"@id\":\"https:\\\/\\\/www.swiss-aquatics.ch\\\/fr\\\/#\\\/schema\\\/person\\\/e521640f2287ae9f307477cbba49456a\"},\"headline\":\"Championnats Suisses d\u2019\u00c9t\u00e9 2025 : Finale nationale de la saison \u00e0 Lausanne\",\"datePublished\":\"2025-07-09T16:39:14+00:00\",\"mainEntityOfPage\":{\"@id\":\"https:\\\/\\\/www.swiss-aquatics.ch\\\/fr\\\/championnats-suisses-dete-2025-finale-nationale-de-la-saison-a-lausanne\\\/\"},\"wordCount\":10,\"publisher\":{\"@id\":\"https:\\\/\\\/www.swiss-aquatics.ch\\\/fr\\\/#organization\"},\"image\":{\"@id\":\"https:\\\/\\\/www.swiss-aquatics.ch\\\/fr\\\/championnats-suisses-dete-2025-finale-nationale-de-la-saison-a-lausanne\\\/#primaryimage\"},\"thumbnailUrl\":\"https:\\\/\\\/www.swiss-aquatics.ch\\\/wp-content\\\/uploads\\\/2025\\\/06\\\/Gaia-RASMUSSEN_20250626_01638.jpg\",\"articleSection\":[\"F\u00e9d\u00e9ration\",\"Swimming\"],\"inLanguage\":\"fr-FR\"},{\"@type\":\"WebPage\",\"@id\":\"https:\\\/\\\/www.swiss-aquatics.ch\\\/fr\\\/championnats-suisses-dete-2025-finale-nationale-de-la-saison-a-lausanne\\\/\",\"url\":\"https:\\\/\\\/www.swiss-aquatics.ch\\\/fr\\\/championnats-suisses-dete-2025-finale-nationale-de-la-saison-a-lausanne\\\/\",\"name\":\"Championnats Suisses d\u2019\u00c9t\u00e9 2025 : Finale nationale de la saison \u00e0 Lausanne - Swiss Aquatics\",\"isPartOf\":{\"@id\":\"https:\\\/\\\/www.swiss-aquatics.ch\\\/fr\\\/#website\"},\"primaryImageOfPage\":{\"@id\":\"https:\\\/\\\/www.swiss-aquatics.ch\\\/fr\\\/championnats-suisses-dete-2025-finale-nationale-de-la-saison-a-lausanne\\\/#primaryimage\"},\"image\":{\"@id\":\"https:\\\/\\\/www.swiss-aquatics.ch\\\/fr\\\/championnats-suisses-dete-2025-finale-nationale-de-la-saison-a-lausanne\\\/#primaryimage\"},\"thumbnailUrl\":\"https:\\\/\\\/www.swiss-aquatics.ch\\\/wp-content\\\/uploads\\\/2025\\\/06\\\/Gaia-RASMUSSEN_20250626_01638.jpg\",\"datePublished\":\"2025-07-09T16:39:14+00:00\",\"description\":\"Championnats Suisses de natation 2025 \u00e0 Lausanne : Finale nationale de la saison open\",\"breadcrumb\":{\"@id\":\"https:\\\/\\\/www.swiss-aquatics.ch\\\/fr\\\/championnats-suisses-dete-2025-finale-nationale-de-la-saison-a-lausanne\\\/#breadcrumb\"},\"inLanguage\":\"fr-FR\",\"potentialAction\":[{\"@type\":\"ReadAction\",\"target\":[\"https:\\\/\\\/www.swiss-aquatics.ch\\\/fr\\\/championnats-suisses-dete-2025-finale-nationale-de-la-saison-a-lausanne\\\/\"]}]},{\"@type\":\"ImageObject\",\"inLanguage\":\"fr-FR\",\"@id\":\"https:\\\/\\\/www.swiss-aquatics.ch\\\/fr\\\/championnats-suisses-dete-2025-finale-nationale-de-la-saison-a-lausanne\\\/#primaryimage\",\"url\":\"https:\\\/\\\/www.swiss-aquatics.ch\\\/wp-content\\\/uploads\\\/2025\\\/06\\\/Gaia-RASMUSSEN_20250626_01638.jpg\",\"contentUrl\":\"https:\\\/\\\/www.swiss-aquatics.ch\\\/wp-content\\\/uploads\\\/2025\\\/06\\\/Gaia-RASMUSSEN_20250626_01638.jpg\",\"width\":1200,\"height\":800,\"caption\":\"Gaia RASMUSSEN of Switzerland competes in the Women\u2019s 200m Freestyle Heats during the 2025 European Aquatics U23 Swimming Championships in Samorin, Slovakia, Thursday, June 26, 2025. (Photo by Patrick B. Kraemer \\\/ MAGICPBK)\"},{\"@type\":\"BreadcrumbList\",\"@id\":\"https:\\\/\\\/www.swiss-aquatics.ch\\\/fr\\\/championnats-suisses-dete-2025-finale-nationale-de-la-saison-a-lausanne\\\/#breadcrumb\",\"itemListElement\":[{\"@type\":\"ListItem\",\"position\":1,\"name\":\"Page d'accueil\",\"item\":\"https:\\\/\\\/www.swiss-aquatics.ch\\\/fr\\\/\"},{\"@type\":\"ListItem\",\"position\":2,\"name\":\"Championnats Suisses d\u2019\u00c9t\u00e9 2025 : Finale nationale de la saison \u00e0 Lausanne\"}]},{\"@type\":\"WebSite\",\"@id\":\"https:\\\/\\\/www.swiss-aquatics.ch\\\/fr\\\/#website\",\"url\":\"https:\\\/\\\/www.swiss-aquatics.ch\\\/fr\\\/\",\"name\":\"Swiss Aquatics\",\"description\":\"\",\"publisher\":{\"@id\":\"https:\\\/\\\/www.swiss-aquatics.ch\\\/fr\\\/#organization\"},\"potentialAction\":[{\"@type\":\"SearchAction\",\"target\":{\"@type\":\"EntryPoint\",\"urlTemplate\":\"https:\\\/\\\/www.swiss-aquatics.ch\\\/fr\\\/?s={search_term_string}\"},\"query-input\":{\"@type\":\"PropertyValueSpecification\",\"valueRequired\":true,\"valueName\":\"search_term_string\"}}],\"inLanguage\":\"fr-FR\"},{\"@type\":\"Organization\",\"@id\":\"https:\\\/\\\/www.swiss-aquatics.ch\\\/fr\\\/#organization\",\"name\":\"Swiss Aquatics\",\"url\":\"https:\\\/\\\/www.swiss-aquatics.ch\\\/fr\\\/\",\"logo\":{\"@type\":\"ImageObject\",\"inLanguage\":\"fr-FR\",\"@id\":\"https:\\\/\\\/www.swiss-aquatics.ch\\\/fr\\\/#\\\/schema\\\/logo\\\/image\\\/\",\"url\":\"https:\\\/\\\/www.swiss-aquatics.ch\\\/wp-content\\\/uploads\\\/2020\\\/12\\\/logo.png\",\"contentUrl\":\"https:\\\/\\\/www.swiss-aquatics.ch\\\/wp-content\\\/uploads\\\/2020\\\/12\\\/logo.png\",\"width\":580,\"height\":58,\"caption\":\"Swiss Aquatics\"},\"image\":{\"@id\":\"https:\\\/\\\/www.swiss-aquatics.ch\\\/fr\\\/#\\\/schema\\\/logo\\\/image\\\/\"}},{\"@type\":\"Person\",\"@id\":\"https:\\\/\\\/www.swiss-aquatics.ch\\\/fr\\\/#\\\/schema\\\/person\\\/e521640f2287ae9f307477cbba49456a\",\"name\":\"Yel\u00e9in Cheriff\",\"image\":{\"@type\":\"ImageObject\",\"inLanguage\":\"fr-FR\",\"@id\":\"https:\\\/\\\/secure.gravatar.com\\\/avatar\\\/caf62c9613f4f6739ffcdb93a8af15ae421de07465d223b0ac799ca7c86ce657?s=96&d=mm&r=g\",\"url\":\"https:\\\/\\\/secure.gravatar.com\\\/avatar\\\/caf62c9613f4f6739ffcdb93a8af15ae421de07465d223b0ac799ca7c86ce657?s=96&d=mm&r=g\",\"contentUrl\":\"https:\\\/\\\/secure.gravatar.com\\\/avatar\\\/caf62c9613f4f6739ffcdb93a8af15ae421de07465d223b0ac799ca7c86ce657?s=96&d=mm&r=g\",\"caption\":\"Yel\u00e9in Cheriff\"}}]}<\/script>\n<!-- \/ Yoast SEO plugin. -->","yoast_head_json":{"title":"Championnats Suisses d\u2019\u00c9t\u00e9 2025 : Finale nationale de la saison \u00e0 Lausanne - Swiss Aquatics","description":"Championnats Suisses de natation 2025 \u00e0 Lausanne : Finale nationale de la saison open","robots":{"index":"index","follow":"follow","max-snippet":"max-snippet:-1","max-image-preview":"max-image-preview:large","max-video-preview":"max-video-preview:-1"},"canonical":"https:\/\/www.swiss-aquatics.ch\/fr\/championnats-suisses-dete-2025-finale-nationale-de-la-saison-a-lausanne\/","og_locale":"fr_FR","og_type":"article","og_title":"Championnats Suisses d\u2019\u00c9t\u00e9 2025 : Finale nationale de la saison \u00e0 Lausanne - Swiss Aquatics","og_description":"Championnats Suisses de natation 2025 \u00e0 Lausanne : Finale nationale de la saison open","og_url":"https:\/\/www.swiss-aquatics.ch\/fr\/championnats-suisses-dete-2025-finale-nationale-de-la-saison-a-lausanne\/","og_site_name":"Swiss Aquatics","article_published_time":"2025-07-09T16:39:14+00:00","og_image":[{"width":1200,"height":800,"url":"https:\/\/www.swiss-aquatics.ch\/wp-content\/uploads\/2025\/06\/Gaia-RASMUSSEN_20250626_01638.jpg","type":"image\/jpeg"}],"author":"Yel\u00e9in Cheriff","twitter_card":"summary_large_image","twitter_misc":{"\u00c9crit par":"Yel\u00e9in Cheriff","Dur\u00e9e de lecture estim\u00e9e":"2 minutes"},"schema":{"@context":"https:\/\/schema.org","@graph":[{"@type":"Article","@id":"https:\/\/www.swiss-aquatics.ch\/fr\/championnats-suisses-dete-2025-finale-nationale-de-la-saison-a-lausanne\/#article","isPartOf":{"@id":"https:\/\/www.swiss-aquatics.ch\/fr\/championnats-suisses-dete-2025-finale-nationale-de-la-saison-a-lausanne\/"},"author":{"name":"Yel\u00e9in Cheriff","@id":"https:\/\/www.swiss-aquatics.ch\/fr\/#\/schema\/person\/e521640f2287ae9f307477cbba49456a"},"headline":"Championnats Suisses d\u2019\u00c9t\u00e9 2025 : Finale nationale de la saison \u00e0 Lausanne","datePublished":"2025-07-09T16:39:14+00:00","mainEntityOfPage":{"@id":"https:\/\/www.swiss-aquatics.ch\/fr\/championnats-suisses-dete-2025-finale-nationale-de-la-saison-a-lausanne\/"},"wordCount":10,"publisher":{"@id":"https:\/\/www.swiss-aquatics.ch\/fr\/#organization"},"image":{"@id":"https:\/\/www.swiss-aquatics.ch\/fr\/championnats-suisses-dete-2025-finale-nationale-de-la-saison-a-lausanne\/#primaryimage"},"thumbnailUrl":"https:\/\/www.swiss-aquatics.ch\/wp-content\/uploads\/2025\/06\/Gaia-RASMUSSEN_20250626_01638.jpg","articleSection":["F\u00e9d\u00e9ration","Swimming"],"inLanguage":"fr-FR"},{"@type":"WebPage","@id":"https:\/\/www.swiss-aquatics.ch\/fr\/championnats-suisses-dete-2025-finale-nationale-de-la-saison-a-lausanne\/","url":"https:\/\/www.swiss-aquatics.ch\/fr\/championnats-suisses-dete-2025-finale-nationale-de-la-saison-a-lausanne\/","name":"Championnats Suisses d\u2019\u00c9t\u00e9 2025 : Finale nationale de la saison \u00e0 Lausanne - Swiss Aquatics","isPartOf":{"@id":"https:\/\/www.swiss-aquatics.ch\/fr\/#website"},"primaryImageOfPage":{"@id":"https:\/\/www.swiss-aquatics.ch\/fr\/championnats-suisses-dete-2025-finale-nationale-de-la-saison-a-lausanne\/#primaryimage"},"image":{"@id":"https:\/\/www.swiss-aquatics.ch\/fr\/championnats-suisses-dete-2025-finale-nationale-de-la-saison-a-lausanne\/#primaryimage"},"thumbnailUrl":"https:\/\/www.swiss-aquatics.ch\/wp-content\/uploads\/2025\/06\/Gaia-RASMUSSEN_20250626_01638.jpg","datePublished":"2025-07-09T16:39:14+00:00","description":"Championnats Suisses de natation 2025 \u00e0 Lausanne : Finale nationale de la saison open","breadcrumb":{"@id":"https:\/\/www.swiss-aquatics.ch\/fr\/championnats-suisses-dete-2025-finale-nationale-de-la-saison-a-lausanne\/#breadcrumb"},"inLanguage":"fr-FR","potentialAction":[{"@type":"ReadAction","target":["https:\/\/www.swiss-aquatics.ch\/fr\/championnats-suisses-dete-2025-finale-nationale-de-la-saison-a-lausanne\/"]}]},{"@type":"ImageObject","inLanguage":"fr-FR","@id":"https:\/\/www.swiss-aquatics.ch\/fr\/championnats-suisses-dete-2025-finale-nationale-de-la-saison-a-lausanne\/#primaryimage","url":"https:\/\/www.swiss-aquatics.ch\/wp-content\/uploads\/2025\/06\/Gaia-RASMUSSEN_20250626_01638.jpg","contentUrl":"https:\/\/www.swiss-aquatics.ch\/wp-content\/uploads\/2025\/06\/Gaia-RASMUSSEN_20250626_01638.jpg","width":1200,"height":800,"caption":"Gaia RASMUSSEN of Switzerland competes in the Women\u2019s 200m Freestyle Heats during the 2025 European Aquatics U23 Swimming Championships in Samorin, Slovakia, Thursday, June 26, 2025. (Photo by Patrick B. Kraemer \/ MAGICPBK)"},{"@type":"BreadcrumbList","@id":"https:\/\/www.swiss-aquatics.ch\/fr\/championnats-suisses-dete-2025-finale-nationale-de-la-saison-a-lausanne\/#breadcrumb","itemListElement":[{"@type":"ListItem","position":1,"name":"Page d'accueil","item":"https:\/\/www.swiss-aquatics.ch\/fr\/"},{"@type":"ListItem","position":2,"name":"Championnats Suisses d\u2019\u00c9t\u00e9 2025 : Finale nationale de la saison \u00e0 Lausanne"}]},{"@type":"WebSite","@id":"https:\/\/www.swiss-aquatics.ch\/fr\/#website","url":"https:\/\/www.swiss-aquatics.ch\/fr\/","name":"Swiss Aquatics","description":"","publisher":{"@id":"https:\/\/www.swiss-aquatics.ch\/fr\/#organization"},"potentialAction":[{"@type":"SearchAction","target":{"@type":"EntryPoint","urlTemplate":"https:\/\/www.swiss-aquatics.ch\/fr\/?s={search_term_string}"},"query-input":{"@type":"PropertyValueSpecification","valueRequired":true,"valueName":"search_term_string"}}],"inLanguage":"fr-FR"},{"@type":"Organization","@id":"https:\/\/www.swiss-aquatics.ch\/fr\/#organization","name":"Swiss Aquatics","url":"https:\/\/www.swiss-aquatics.ch\/fr\/","logo":{"@type":"ImageObject","inLanguage":"fr-FR","@id":"https:\/\/www.swiss-aquatics.ch\/fr\/#\/schema\/logo\/image\/","url":"https:\/\/www.swiss-aquatics.ch\/wp-content\/uploads\/2020\/12\/logo.png","contentUrl":"https:\/\/www.swiss-aquatics.ch\/wp-content\/uploads\/2020\/12\/logo.png","width":580,"height":58,"caption":"Swiss Aquatics"},"image":{"@id":"https:\/\/www.swiss-aquatics.ch\/fr\/#\/schema\/logo\/image\/"}},{"@type":"Person","@id":"https:\/\/www.swiss-aquatics.ch\/fr\/#\/schema\/person\/e521640f2287ae9f307477cbba49456a","name":"Yel\u00e9in Cheriff","image":{"@type":"ImageObject","inLanguage":"fr-FR","@id":"https:\/\/secure.gravatar.com\/avatar\/caf62c9613f4f6739ffcdb93a8af15ae421de07465d223b0ac799ca7c86ce657?s=96&d=mm&r=g","url":"https:\/\/secure.gravatar.com\/avatar\/caf62c9613f4f6739ffcdb93a8af15ae421de07465d223b0ac799ca7c86ce657?s=96&d=mm&r=g","contentUrl":"https:\/\/secure.gravatar.com\/avatar\/caf62c9613f4f6739ffcdb93a8af15ae421de07465d223b0ac799ca7c86ce657?s=96&d=mm&r=g","caption":"Yel\u00e9in Cheriff"}}]}},"_links":{"self":[{"href":"https:\/\/www.swiss-aquatics.ch\/fr\/wp-json\/wp\/v2\/posts\/88085","targetHints":{"allow":["GET"]}}],"collection":[{"href":"https:\/\/www.swiss-aquatics.ch\/fr\/wp-json\/wp\/v2\/posts"}],"about":[{"href":"https:\/\/www.swiss-aquatics.ch\/fr\/wp-json\/wp\/v2\/types\/post"}],"author":[{"embeddable":true,"href":"https:\/\/www.swiss-aquatics.ch\/fr\/wp-json\/wp\/v2\/users\/515"}],"replies":[{"embeddable":true,"href":"https:\/\/www.swiss-aquatics.ch\/fr\/wp-json\/wp\/v2\/comments?post=88085"}],"version-history":[{"count":1,"href":"https:\/\/www.swiss-aquatics.ch\/fr\/wp-json\/wp\/v2\/posts\/88085\/revisions"}],"predecessor-version":[{"id":88086,"href":"https:\/\/www.swiss-aquatics.ch\/fr\/wp-json\/wp\/v2\/posts\/88085\/revisions\/88086"}],"wp:featuredmedia":[{"embeddable":true,"href":"https:\/\/www.swiss-aquatics.ch\/fr\/wp-json\/wp\/v2\/media\/87113"}],"wp:attachment":[{"href":"https:\/\/www.swiss-aquatics.ch\/fr\/wp-json\/wp\/v2\/media?parent=88085"}],"wp:term":[{"taxonomy":"category","embeddable":true,"href":"https:\/\/www.swiss-aquatics.ch\/fr\/wp-json\/wp\/v2\/categories?post=88085"},{"taxonomy":"post_tag","embeddable":true,"href":"https:\/\/www.swiss-aquatics.ch\/fr\/wp-json\/wp\/v2\/tags?post=88085"}],"curies":[{"name":"wp","href":"https:\/\/api.w.org\/{rel}","templated":true}]}}